{"id":1100,"date":"2010-09-06T00:31:32","date_gmt":"2010-09-06T03:31:32","guid":{"rendered":"http:\/\/lenidavid.com.br\/?p=1100"},"modified":"2011-09-15T15:17:27","modified_gmt":"2011-09-15T18:17:27","slug":"1100","status":"publish","type":"post","link":"https:\/\/lenidavid.com.br\/?p=1100","title":{"rendered":"Obra de Ant\u00f4nio Torres \u00e9 tema de semin\u00e1rio na Uefs"},"content":{"rendered":"<p style=\"text-align: justify; padding-left: 30px;\">\u00a0<\/p>\n<p style=\"text-align: justify; padding-left: 30px;\">Come\u00e7a nesta quarta e prossegue at\u00e9 quinta-feira (9) o Semin\u00e1rio \u201cNarrativas e Viagens do Junco ao mundo: 70 anos de Antonio Torres\u201d promovido pelo Programa de P\u00f3s-gradua\u00e7\u00e3o em Literatura e Diversidade Cultural (PpgLDC) da Universidade Estadual de Feira de Santana (Uefs). As atividades ser\u00e3o abertas\u00a0\u00e0s 8h30, no audit\u00f3rio 1, m\u00f3dulo 1\u00ba do campus, com\u00a0Homenagem a Ant\u00f4nio Torres.\u00a0Haver\u00e1 apresenta\u00e7\u00e3o do\u00a0Grupo de C\u00e2mera do Centro Universit\u00e1rio de Cultura e Arte (Cuca).<\/p>\n<p style=\"text-align: justify; padding-left: 30px;\">\u00c0s 9 horas ser\u00e1 realizada a mesa redonda A Trajet\u00f3ria do Escritor \u2013\u00a0Di\u00e1logo com Ant\u00f4nio Torres, coordenada pelo professor Aleilton Fonseca com a participa\u00e7\u00e3o dos professores Maria Lenilda Carneiro David e Carlos Mascarenhas.\u00a0<\/p>\n<p style=\"text-align: justify; padding-left: 30px;\">Ant\u00f4nio Torres \u00e9 um romancista baiano com obras de caracter\u00edsticas regionalistas, cujos principais temas s\u00e3o o desarraigamento do homem e o retorno ao lugar de origem. Autor de v\u00e1rios livros, entre eles \u2018Um C\u00e3o Uivando para a Lua\u2019, publicado em 1972, e \u2018Meu Querido Canibal\u2019, em 2000, Antonio Torres relata as condi\u00e7\u00f5es subumanas em que vive uma parte da popula\u00e7\u00e3o brasileira, o \u00eaxodo dos retirantes para a grande cidade, o conflito entre valores urbanos e rurais, as tens\u00f5es entre o arcaico e o moderno e, sobretudo, os impasses do mundo contempor\u00e2neo.<\/p>\n<p style=\"text-align: justify; padding-left: 30px;\">O objetivo do Semin\u00e1rio \u00e9 criar um espa\u00e7o para estudantes e professores da p\u00f3s-gradua\u00e7\u00e3o em Literatura e graduandos em Letras da Uefs, apresentarem   suas pesquisas, conclu\u00eddas ou em andamento sobre diversos aspectos da obra de Ant\u00f4nio Torres.<\/p>\n<p style=\"text-align: justify; padding-left: 30px;\">Marly Caldas &#8211; Ascom\/Uefs<strong>\u00a0<\/strong><\/p>\n<p style=\"text-align: justify; padding-left: 30px;\">As atividades s\u00e3o abertas tamb\u00e9m \u00e0 comunidade. Confira a programa\u00e7\u00e3o no portal da UEFS.<\/p>\n<p style=\"text-align: center;\"><img loading=\"lazy\" decoding=\"async\" class=\"aligncenter size-full wp-image-1099\" src=\"http:\/\/lenidavid.com.br\/wp-content\/uploads\/2010\/09\/ATorres.jpg\" alt=\"\" width=\"486\" height=\"687\" srcset=\"https:\/\/lenidavid.com.br\/wp-content\/uploads\/2010\/09\/ATorres.jpg 694w, https:\/\/lenidavid.com.br\/wp-content\/uploads\/2010\/09\/ATorres-212x300.jpg 212w\" sizes=\"auto, (max-width: 486px) 100vw, 486px\" \/><\/p>\n","protected":false},"excerpt":{"rendered":"<p>\u00a0 Come\u00e7a nesta quarta e prossegue at\u00e9 quinta-feira (9) o Semin\u00e1rio \u201cNarrativas e Viagens do Junco ao mundo: 70 anos de Antonio Torres\u201d promovido pelo Programa de P\u00f3s-gradua\u00e7\u00e3o em Literatura e Diversidade Cultural (PpgLDC) da Universidade Estadual de Feira de &hellip; <a href=\"https:\/\/lenidavid.com.br\/?p=1100\">Continue lendo <span class=\"meta-nav\">&rarr;<\/span><\/a><\/p>\n","protected":false},"author":1,"featured_media":0,"comment_status":"open","ping_status":"open","sticky":false,"template":"","format":"standard","meta":{"footnotes":""},"categories":[1,17,13],"tags":[412,414,415,411,413],"class_list":["post-1100","post","type-post","status-publish","format-standard","hentry","category-uncategorized","category-feira-de-santana","category-homenagens","tag-antonio-torres","tag-dlet","tag-narrativas-e-viagens-do-junco-ao-mundo","tag-seminario","tag-uefs"],"_links":{"self":[{"href":"https:\/\/lenidavid.com.br\/index.php?rest_route=\/wp\/v2\/posts\/1100","targetHints":{"allow":["GET"]}}],"collection":[{"href":"https:\/\/lenidavid.com.br\/index.php?rest_route=\/wp\/v2\/posts"}],"about":[{"href":"https:\/\/lenidavid.com.br\/index.php?rest_route=\/wp\/v2\/types\/post"}],"author":[{"embeddable":true,"href":"https:\/\/lenidavid.com.br\/index.php?rest_route=\/wp\/v2\/users\/1"}],"replies":[{"embeddable":true,"href":"https:\/\/lenidavid.com.br\/index.php?rest_route=%2Fwp%2Fv2%2Fcomments&post=1100"}],"version-history":[{"count":5,"href":"https:\/\/lenidavid.com.br\/index.php?rest_route=\/wp\/v2\/posts\/1100\/revisions"}],"predecessor-version":[{"id":1102,"href":"https:\/\/lenidavid.com.br\/index.php?rest_route=\/wp\/v2\/posts\/1100\/revisions\/1102"}],"wp:attachment":[{"href":"https:\/\/lenidavid.com.br\/index.php?rest_route=%2Fwp%2Fv2%2Fmedia&parent=1100"}],"wp:term":[{"taxonomy":"category","embeddable":true,"href":"https:\/\/lenidavid.com.br\/index.php?rest_route=%2Fwp%2Fv2%2Fcategories&post=1100"},{"taxonomy":"post_tag","embeddable":true,"href":"https:\/\/lenidavid.com.br\/index.php?rest_route=%2Fwp%2Fv2%2Ftags&post=1100"}],"curies":[{"name":"wp","href":"https:\/\/api.w.org\/{rel}","templated":true}]}}