{"id":1299,"date":"2010-12-12T22:54:44","date_gmt":"2010-12-13T01:54:44","guid":{"rendered":"http:\/\/lenidavid.com.br\/?p=1299"},"modified":"2011-09-15T20:54:49","modified_gmt":"2011-09-15T23:54:49","slug":"um-poema-de-myriam-fraga","status":"publish","type":"post","link":"https:\/\/lenidavid.com.br\/?p=1299","title":{"rendered":"Um poema de Myriam Fraga"},"content":{"rendered":"<p>&nbsp;<\/p>\n<p style=\"padding-left: 60px;\"><strong>Banquete<\/strong><\/p>\n<p style=\"padding-left: 60px;\">O vinho<br \/>\nque \u00a0eu bebo<br \/>\n\u00e9 \u00a0o pre\u00e7o<br \/>\nde \u00a0um \u00a0homem.<\/p>\n<p style=\"padding-left: 60px;\">O prato que eu como,<br \/>\nsem \u00a0fome,<br \/>\n\u00e9 \u00a0o sal\u00e1rio<br \/>\nda \u00a0fome<br \/>\nde \u00a0um homem.<\/p>\n<p style=\"padding-left: 60px;\">Mas,<\/p>\n<p style=\"padding-left: 60px;\">o sonho que eu travo<br \/>\ncom \u00a0f\u00faria nos dentes<\/p>\n<p style=\"padding-left: 60px;\">\u00e9 \u00a0somente a metade<br \/>\ndo sonho<br \/>\nde um homem.<strong> <\/strong><\/p>\n<p class=\"MsoNormal\" style=\"text-align: left; margin: 0cm 0cm 0pt 102.25pt; padding-left: 180px; background: white;\">\u00a0<\/p>\n<p class=\"MsoNormal\" style=\"text-align: center; margin: 0cm 0cm 0pt; background: white;\"><span style=\"font-family: &amp;amp; amp; color: black; font-size: 10pt; mso-fareast-font-family: 'Times New Roman'; mso-ansi-language: PT-BR; mso-fareast-language: FR;\" lang=\"PT-BR\">\u00a0<img loading=\"lazy\" decoding=\"async\" class=\"aligncenter size-full wp-image-1316\" title=\"myriamfraga\" src=\"http:\/\/lenidavid.com.br\/wp-content\/uploads\/2010\/12\/myriamfraga1.jpg\" alt=\"\" width=\"291\" height=\"215\" \/><\/span><\/p>\n<p class=\"MsoNormal\" style=\"margin: 0cm 0cm 0pt; background: white;\"><span style=\"font-family: &amp;amp; amp; color: black; font-size: 10pt; mso-fareast-font-family: 'Times New Roman'; mso-ansi-language: PT-BR; mso-fareast-language: FR;\" lang=\"PT-BR\">\u00a0<\/span><span style=\"font-family: &amp;amp; amp; color: black; font-size: 10pt; mso-fareast-font-family: 'Times New Roman'; mso-ansi-language: PT-BR; mso-fareast-language: FR;\" lang=\"PT-BR\"><strong>\u00a0<\/strong><\/span><\/p>\n<p class=\"MsoNormal\" style=\"text-align: justify; margin: 0cm 8.5pt 6pt; padding-left: 30px; background: white;\"><span style=\"font-family: &amp;amp; amp; color: black; font-size: 10pt; mso-fareast-font-family: 'Times New Roman'; mso-ansi-language: PT-BR; mso-fareast-language: FR;\" lang=\"PT-BR\"><strong>\u00a0<\/strong><\/span><span style=\"font-family: &amp;amp; amp; color: black; font-size: 10pt; mso-fareast-font-family: 'Times New Roman'; mso-ansi-language: PT-BR; mso-fareast-language: FR;\" lang=\"PT-BR\"><strong>Myriam Fraga<\/strong> nasceu em Salvador, Bahia, em 09 de novembro de 1937. \u00c9 membro da Academia de Letras da Bahia desde 1985 e dirige a Funda\u00e7\u00e3o Casa de Jorge Amado. A sua carreira liter\u00e1ria teve in\u00edcio no final dos\u00a0 anos 50, quando intelectuais da \u00e9poca, que frequentavam a Universidade, a Escola de Teatro e a Casa de Cultura localizada no bairro do Canela, se reuniam para trocar, ideias e escritos. O seu primeiro livro foi lan\u00e7ado em 1964, pela editora Macuna\u00edma, criada por Glauber Rocha, Calazans Neto, Fernando da Rocha Perez e Paulo Gil Soares, com o objetivo de publicar as produ\u00e7\u00f5es liter\u00e1rias dessa gera\u00e7\u00e3o.\u00a0<\/span><\/p>\n<p class=\"MsoNormal\" style=\"text-align: justify; margin: 0cm 8.5pt 6pt; padding-left: 30px; background: white;\"><strong><span style=\"font-family: &amp;amp; amp; color: black; font-size: 10pt; mso-fareast-font-family: 'Times New Roman'; mso-ansi-language: PT-BR; mso-fareast-language: FR;\" lang=\"PT-BR\">Obra:<\/span><\/strong><\/p>\n<p class=\"MsoNormal\" style=\"text-align: justify; margin: 0cm 8.5pt 6pt; padding-left: 30px; background: white;\"><strong><span style=\"font-family: &amp;amp; amp; color: black; font-size: 10pt; mso-fareast-font-family: 'Times New Roman'; mso-ansi-language: PT-BR; mso-fareast-language: FR;\" lang=\"PT-BR\">Poesia: <\/span><\/strong><em><span style=\"font-family: &amp;amp; amp; color: black; font-size: 10pt; mso-fareast-font-family: 'Times New Roman'; mso-ansi-language: PT-BR; mso-fareast-language: FR;\" lang=\"PT-BR\">Marinhas<\/span><\/em><span style=\"font-family: &amp;amp; amp; color: black; font-size: 10pt; mso-fareast-font-family: 'Times New Roman'; mso-ansi-language: PT-BR; mso-fareast-language: FR;\" lang=\"PT-BR\">, Ed. Macuna\u00edma, 1964, Bahia; <em>Sesmaria<\/em>, Ed. Imprensa Oficial da Bahia, pr\u00eamio Arthur Salles, 1969, Bahia; <em>O livro dos Adynata<\/em>, Ed. Macuna\u00edma, 1975, Bahia. <em>O Risco na Pele<\/em>, Ed. Civiliza\u00e7\u00e3o Brasileira, 1979, Rio de Janeiro; <em>A Cidade<\/em>, Ed. Macuna\u00edma, 1979, Bahia ; <em>As Purifica\u00e7\u00f5es<\/em> ou o Sinal do Tali\u00e3o, Ed. Civiliza\u00e7\u00e3o Brasileira, 1981, Rio de Janeiro; <em>A Lenda do P\u00e1ssaro que Roubou o Fogo<\/em> (Disco\/Livro com m\u00fasica de Carlos Pita e monotipias de Calasans Neto), Ed. Macuna\u00edma, 1983, Bahia; <em>Six Poems<\/em>: Tradu\u00e7\u00e3o de Richard O\u2019Connell, Ed. Macuna\u00edma, 1985, Bahia.; <em>Os Deuses Lares<\/em>, Ed. Macuna\u00edma, 1992, Bahia; <em>Die Stadt<\/em>, Ed. Macuna\u00edma, 1994, Bahia; FEMINA, Salvador: Funda\u00e7\u00e3o Casa de Jorge Amado\/Copene, 1996.<\/span><\/p>\n<p class=\"MsoNormal\" style=\"text-align: justify; margin: 0cm 8.5pt 6pt; padding-left: 30px; background: white;\"><strong><span style=\"font-family: &amp;amp; amp; color: black; font-size: 10pt; mso-fareast-font-family: 'Times New Roman'; mso-ansi-language: PT-BR; mso-fareast-language: FR;\" lang=\"PT-BR\">Prosa:\u00a0 <\/span><\/strong><em><span style=\"font-family: &amp;amp; amp; color: black; font-size: 10pt; mso-fareast-font-family: 'Times New Roman'; mso-ansi-language: PT-BR; mso-fareast-language: FR; mso-bidi-font-size: 11.0pt;\" lang=\"PT-BR\">Flor do Sert\u00e3o<\/span><\/em><span style=\"font-family: &amp;amp; amp; color: black; font-size: 10pt; mso-fareast-font-family: 'Times New Roman'; mso-ansi-language: PT-BR; mso-fareast-language: FR;\" lang=\"PT-BR\">, Salvador, Ed. <\/span><span style=\"font-family: &amp;amp; amp; color: black; font-size: 10pt; mso-fareast-font-family: 'Times New Roman'; mso-fareast-language: FR;\">Macuna\u00edma, 1986, Bahia<\/span><\/p>\n<p style=\"text-align: justify; padding-left: 30px;\"><strong><span style=\"font-family: &amp;amp; amp; color: black; font-size: 10pt; mso-fareast-font-family: 'Times New Roman'; mso-ansi-language: PT-BR; mso-fareast-language: FR; mso-bidi-language:   AR-SA;\" lang=\"PT-BR\">Antologias: <\/span><\/strong><em><span style=\"font-family: &amp;amp; amp; color: black; font-size: 10pt; mso-fareast-font-family: 'Times New Roman'; mso-ansi-language: PT-BR; mso-fareast-language: FR; mso-bidi-language: AR-SA;\" lang=\"PT-BR\">Cinco Poetas<\/span><\/em><span style=\"font-family: &amp;amp; amp; color: black; font-size: 10pt; mso-fareast-font-family: 'Times New Roman'; mso-ansi-language: PT-BR; mso-fareast-language: FR; mso-bidi-language: AR-SA;\" lang=\"PT-BR\">, Ed. Macuna\u00edma, 1966, Bahia; <em>Antologia da Moderna Poesia Baiana<\/em>, Ed. Tempo Brasileiro, 1967, Rio de Janeiro; <em>25 Poetas da Bahia<\/em>, Ed. DESC, 1968, Bahia; Sete Cantares de Amigos, Ed. Arpoador, 1975, Bahia; <em>Antologia de Poetas da Bahia, em alfabeto Braille<\/em> (Ed. Funda\u00e7\u00e3o Cultural do Estado da Bahia, 1976, Bahia; <em>Serial<\/em>, 1978, Bahia; <em>Em Carne Viva<\/em>, Ed. Anima, 1984, S\u00e3o Paulo; <em>Poetas Contempor\u00e2neos<\/em>, Ed. Roswitha Kempf, 1985, S\u00e3o Paulo; <em>Simulations Selected Translations<\/em>, Ed. Atlantis, 1983, Estados Unidos; <em>Sincretismo, a Poesia da Gera\u00e7\u00e3o 60<\/em>, Ed. Topboo<\/span><\/p>\n","protected":false},"excerpt":{"rendered":"<p>&nbsp; Banquete O vinho que \u00a0eu bebo \u00e9 \u00a0o pre\u00e7o de \u00a0um \u00a0homem. O prato que eu como, sem \u00a0fome, \u00e9 \u00a0o sal\u00e1rio da \u00a0fome de \u00a0um homem. Mas, o sonho que eu travo com \u00a0f\u00faria nos dentes \u00e9 \u00a0somente &hellip; <a href=\"https:\/\/lenidavid.com.br\/?p=1299\">Continue lendo <span class=\"meta-nav\">&rarr;<\/span><\/a><\/p>\n","protected":false},"author":1,"featured_media":0,"comment_status":"open","ping_status":"open","sticky":false,"template":"","format":"standard","meta":{"footnotes":""},"categories":[178,14],"tags":[485,1858,25],"class_list":["post-1299","post","type-post","status-publish","format-standard","hentry","category-estante-de-literatura","category-poemas-e-poetas","tag-myriam-fraga","tag-poemas-e-poetas","tag-poesia"],"_links":{"self":[{"href":"https:\/\/lenidavid.com.br\/index.php?rest_route=\/wp\/v2\/posts\/1299","targetHints":{"allow":["GET"]}}],"collection":[{"href":"https:\/\/lenidavid.com.br\/index.php?rest_route=\/wp\/v2\/posts"}],"about":[{"href":"https:\/\/lenidavid.com.br\/index.php?rest_route=\/wp\/v2\/types\/post"}],"author":[{"embeddable":true,"href":"https:\/\/lenidavid.com.br\/index.php?rest_route=\/wp\/v2\/users\/1"}],"replies":[{"embeddable":true,"href":"https:\/\/lenidavid.com.br\/index.php?rest_route=%2Fwp%2Fv2%2Fcomments&post=1299"}],"version-history":[{"count":12,"href":"https:\/\/lenidavid.com.br\/index.php?rest_route=\/wp\/v2\/posts\/1299\/revisions"}],"predecessor-version":[{"id":2569,"href":"https:\/\/lenidavid.com.br\/index.php?rest_route=\/wp\/v2\/posts\/1299\/revisions\/2569"}],"wp:attachment":[{"href":"https:\/\/lenidavid.com.br\/index.php?rest_route=%2Fwp%2Fv2%2Fmedia&parent=1299"}],"wp:term":[{"taxonomy":"category","embeddable":true,"href":"https:\/\/lenidavid.com.br\/index.php?rest_route=%2Fwp%2Fv2%2Fcategories&post=1299"},{"taxonomy":"post_tag","embeddable":true,"href":"https:\/\/lenidavid.com.br\/index.php?rest_route=%2Fwp%2Fv2%2Ftags&post=1299"}],"curies":[{"name":"wp","href":"https:\/\/api.w.org\/{rel}","templated":true}]}}