{"id":1323,"date":"2010-12-19T19:50:00","date_gmt":"2010-12-19T22:50:00","guid":{"rendered":"http:\/\/lenidavid.com.br\/?p=1323"},"modified":"2011-09-18T14:07:32","modified_gmt":"2011-09-18T17:07:32","slug":"hemisferio-norte-frio-e-neve","status":"publish","type":"post","link":"https:\/\/lenidavid.com.br\/?p=1323","title":{"rendered":"Hemisf\u00e9rio Norte &#8211; Frio e Neve"},"content":{"rendered":"<p>&nbsp;<\/p>\n<p style=\"text-align: justify; padding-left: 30px;\">Sa\u00edmos da \u00a0Bahia no dia 16 de dezembro um pouco antes da meia-noite; chegamos em Paris\u00a0 por volta das 16.30h do dia\u00a0 17. J\u00e1 sab\u00edamos que o Natal e o\u00a0 Ano-Novo \u00a0seriam frios, mas a gente s\u00f3 se d\u00e1 conta, de verdade, \u00a0quando sente o nariz e as m\u00e3os geladas.<\/p>\n<p style=\"text-align: justify; padding-left: 30px;\">Ainda no avi\u00e3o fotografamos o sul de Paris e pelas fotos pode-se constatar que a Fran\u00e7a estava branca, branquinha, parecendo um bolo de noiva. As fotos que seguem foram feiras no dia 17, no final da tarde, quando nos aproxim\u00e1vamos de Orly.<\/p>\n<p style=\"text-align: center; padding-left: 30px;\"><img loading=\"lazy\" decoding=\"async\" class=\"aligncenter size-full wp-image-1324\" title=\"Foto: Leni David\" src=\"http:\/\/lenidavid.com.br\/wp-content\/uploads\/2010\/12\/NeveAviao2.jpg\" alt=\"Foto: Leni David\" width=\"437\" height=\"329\" srcset=\"https:\/\/lenidavid.com.br\/wp-content\/uploads\/2010\/12\/NeveAviao2.jpg 540w, https:\/\/lenidavid.com.br\/wp-content\/uploads\/2010\/12\/NeveAviao2-300x225.jpg 300w\" sizes=\"auto, (max-width: 437px) 100vw, 437px\" \/><\/p>\n<p style=\"text-align: center;\"><img loading=\"lazy\" decoding=\"async\" class=\"aligncenter size-full wp-image-1325\" title=\"Foto: Leni David\" src=\"http:\/\/lenidavid.com.br\/wp-content\/uploads\/2010\/12\/NeveAviao1.jpg\" alt=\"\" width=\"448\" height=\"326\" \/><\/p>\n<p style=\"text-align: justify; padding-left: 30px;\">No aeroporto a nossa filha nos esperava; depois dos beijos e abra\u00e7os \u00a0recheados pela saudade e pelo prazer da chegada, j\u00e1 dava para pressentir o que nos aguardava do lado de fora. Al\u00e9m do frio (2 graus negativos), a neve ca\u00eda generosa, embranquecendo tudo!\u00a0 Felizmente chegamos em casa, s\u00e3os e salvos.<\/p>\n<p style=\"text-align: justify; padding-left: 30px;\">Pelas   ruas fui fotografando as luzes do Natal e a neve que ca\u00eda; tudo bonito e alegre, diferente e aconchegante, apesar do frio, pois o cora\u00e7\u00e3o estava quente, feliz.<\/p>\n<p style=\"text-align: center;\"><img loading=\"lazy\" decoding=\"async\" class=\"aligncenter size-full wp-image-1326\" title=\"Foto: Leni David\" src=\"http:\/\/lenidavid.com.br\/wp-content\/uploads\/2010\/12\/NeveRua1.jpg\" alt=\"\" width=\"475\" height=\"356\" srcset=\"https:\/\/lenidavid.com.br\/wp-content\/uploads\/2010\/12\/NeveRua1.jpg 528w, https:\/\/lenidavid.com.br\/wp-content\/uploads\/2010\/12\/NeveRua1-300x225.jpg 300w\" sizes=\"auto, (max-width: 475px) 100vw, 475px\" \/><\/p>\n<p style=\"text-align: center;\"><img loading=\"lazy\" decoding=\"async\" class=\"aligncenter <a href=\" title=\"Foto: Leni David\" src=\"http:\/\/lenidavid.com.br\/wp-content\/uploads\/2010\/12\/NeveRua2.jpg\" alt=\"\" width=\"475\" height=\"356\" \/><\/p>\n<p style=\"text-align: center;\"><img loading=\"lazy\" decoding=\"async\" class=\"aligncenter size-full wp-image-1328\" title=\"Foto: Leni David\" src=\"http:\/\/lenidavid.com.br\/wp-content\/uploads\/2010\/12\/NeveRua3.jpg\" alt=\"\" width=\"475\" height=\"356\" srcset=\"https:\/\/lenidavid.com.br\/wp-content\/uploads\/2010\/12\/NeveRua3.jpg 528w, https:\/\/lenidavid.com.br\/wp-content\/uploads\/2010\/12\/NeveRua3-300x225.jpg 300w\" sizes=\"auto, (max-width: 475px) 100vw, 475px\" \/>\u00a0<\/p>\n<p style=\"text-align: justify;\">\u00a0<\/p>\n","protected":false},"excerpt":{"rendered":"<p>&nbsp; Sa\u00edmos da \u00a0Bahia no dia 16 de dezembro um pouco antes da meia-noite; chegamos em Paris\u00a0 por volta das 16.30h do dia\u00a0 17. J\u00e1 sab\u00edamos que o Natal e o\u00a0 Ano-Novo \u00a0seriam frios, mas a gente s\u00f3 se d\u00e1 &hellip; <a href=\"https:\/\/lenidavid.com.br\/?p=1323\">Continue lendo <span class=\"meta-nav\">&rarr;<\/span><\/a><\/p>\n","protected":false},"author":1,"featured_media":0,"comment_status":"open","ping_status":"open","sticky":false,"template":"","format":"standard","meta":{"footnotes":""},"categories":[28,11],"tags":[174,495,493,494,169,171],"class_list":["post-1323","post","type-post","status-publish","format-standard","hentry","category-minhas-clicadas-fotos","category-viagens","tag-franca","tag-frio","tag-hemisferio-norte","tag-neve","tag-paris","tag-viagem"],"_links":{"self":[{"href":"https:\/\/lenidavid.com.br\/index.php?rest_route=\/wp\/v2\/posts\/1323","targetHints":{"allow":["GET"]}}],"collection":[{"href":"https:\/\/lenidavid.com.br\/index.php?rest_route=\/wp\/v2\/posts"}],"about":[{"href":"https:\/\/lenidavid.com.br\/index.php?rest_route=\/wp\/v2\/types\/post"}],"author":[{"embeddable":true,"href":"https:\/\/lenidavid.com.br\/index.php?rest_route=\/wp\/v2\/users\/1"}],"replies":[{"embeddable":true,"href":"https:\/\/lenidavid.com.br\/index.php?rest_route=%2Fwp%2Fv2%2Fcomments&post=1323"}],"version-history":[{"count":6,"href":"https:\/\/lenidavid.com.br\/index.php?rest_route=\/wp\/v2\/posts\/1323\/revisions"}],"predecessor-version":[{"id":2660,"href":"https:\/\/lenidavid.com.br\/index.php?rest_route=\/wp\/v2\/posts\/1323\/revisions\/2660"}],"wp:attachment":[{"href":"https:\/\/lenidavid.com.br\/index.php?rest_route=%2Fwp%2Fv2%2Fmedia&parent=1323"}],"wp:term":[{"taxonomy":"category","embeddable":true,"href":"https:\/\/lenidavid.com.br\/index.php?rest_route=%2Fwp%2Fv2%2Fcategories&post=1323"},{"taxonomy":"post_tag","embeddable":true,"href":"https:\/\/lenidavid.com.br\/index.php?rest_route=%2Fwp%2Fv2%2Ftags&post=1323"}],"curies":[{"name":"wp","href":"https:\/\/api.w.org\/{rel}","templated":true}]}}