{"id":1472,"date":"2011-02-22T17:05:31","date_gmt":"2011-02-22T20:05:31","guid":{"rendered":"http:\/\/lenidavid.com.br\/?p=1472"},"modified":"2011-09-13T00:21:25","modified_gmt":"2011-09-13T03:21:25","slug":"poemas-de-jorge-araujo","status":"publish","type":"post","link":"https:\/\/lenidavid.com.br\/?p=1472","title":{"rendered":"Poemas de Jorge Ara\u00fajo"},"content":{"rendered":"<p>\u00a0<\/p>\n<h1 style=\"padding-left: 120px;\">Muni\u00e7\u00e3o e v\u00edveres<\/h1>\n<p style=\"padding-left: 120px;\">\u00a0<\/p>\n<p style=\"padding-left: 120px;\">(fragmentos)<\/p>\n<p style=\"padding-left: 120px;\">I<\/p>\n<p style=\"padding-left: 120px;\">n\u00e3o desvenda, nem deslinda<\/p>\n<p style=\"padding-left: 120px;\">o poeta inquieta-se ainda<\/p>\n<p style=\"padding-left: 120px;\">\u00a0\u00a0<\/p>\n<p style=\"padding-left: 120px;\">III<\/p>\n<p style=\"padding-left: 120px;\">cont\u00edgua ferida<\/p>\n<p style=\"padding-left: 120px;\">a morte<\/p>\n<p style=\"padding-left: 120px;\">desnomeia a vida<\/p>\n<p style=\"padding-left: 120px;\">\u00a0IV<\/p>\n<p style=\"padding-left: 120px;\">tempo, espa\u00e7o, mem\u00f3ria<\/p>\n<p style=\"padding-left: 120px;\">O homem<\/p>\n<p style=\"padding-left: 120px;\">Ser\u00e1 isca da hist\u00f3ria?<\/p>\n<p style=\"padding-left: 120px;\">\u00a0<\/p>\n<p style=\"padding-left: 120px;\">V<\/p>\n<p style=\"padding-left: 120px;\">solid\u00e3o,   se ainda n\u00e3o disse<\/p>\n<p style=\"padding-left: 120px;\">n\u00e3o\u00a0 \u00e9 descobrir-se e s\u00f3<\/p>\n<p style=\"padding-left: 120px;\">mas n\u00e3o descobrir-se<\/p>\n<p style=\"padding-left: 120px;\">\u00a0\u00a0<\/p>\n<p style=\"padding-left: 120px;\">VIII<\/p>\n<p style=\"padding-left: 120px;\">ai ai caralho<\/p>\n<p style=\"padding-left: 120px;\">como viver<\/p>\n<p style=\"padding-left: 120px;\">d\u00e1 trabalho<\/p>\n<p style=\"padding-left: 120px;\">\u00a0<\/p>\n<p style=\"padding-left: 150px;\">(Jorge Ara\u00fajo)<\/p>\n<p style=\"padding-left: 120px;\">\u00a0<\/p>\n<p style=\"padding-left: 120px;\">\u00a0<\/p>\n<p style=\"padding-left: 120px;\">\u00a0<\/p>\n<h2 style=\"padding-left: 120px;\">Poeminha invari\u00e1vel<\/h2>\n<p style=\"padding-left: 120px;\">\u00a0<\/p>\n<p style=\"padding-left: 120px;\">este \u00e9 o mundo colorido<\/p>\n<p style=\"padding-left: 120px;\">de todos os circos<\/p>\n<p style=\"padding-left: 120px;\">todos os horrores<\/p>\n<p style=\"padding-left: 120px;\">todos os tumores<\/p>\n<p style=\"padding-left: 120px;\">lindo,lido,visto, ouvido<\/p>\n<p style=\"padding-left: 120px;\">este \u00e9 o mundo dolorido<\/p>\n<p style=\"padding-left: 120px;\">da tv a cores<\/p>\n<p style=\"padding-left: 120px;\">\u00a0<\/p>\n<p style=\"padding-left: 150px;\">(Jorge Ara\u00fajo)<\/p>\n<p style=\"padding-left: 120px;\">\u00a0<\/p>\n","protected":false},"excerpt":{"rendered":"<p>\u00a0 Muni\u00e7\u00e3o e v\u00edveres \u00a0 (fragmentos) I n\u00e3o desvenda, nem deslinda o poeta inquieta-se ainda \u00a0\u00a0 III cont\u00edgua ferida a morte desnomeia a vida \u00a0IV tempo, espa\u00e7o, mem\u00f3ria O homem Ser\u00e1 isca da hist\u00f3ria? \u00a0 V solid\u00e3o, se ainda n\u00e3o &hellip; <a href=\"https:\/\/lenidavid.com.br\/?p=1472\">Continue lendo <span class=\"meta-nav\">&rarr;<\/span><\/a><\/p>\n","protected":false},"author":1,"featured_media":0,"comment_status":"open","ping_status":"open","sticky":false,"template":"","format":"standard","meta":{"footnotes":""},"categories":[178],"tags":[550,22,1858],"class_list":["post-1472","post","type-post","status-publish","format-standard","hentry","category-estante-de-literatura","tag-jorge-araujo","tag-poemas","tag-poemas-e-poetas"],"_links":{"self":[{"href":"https:\/\/lenidavid.com.br\/index.php?rest_route=\/wp\/v2\/posts\/1472","targetHints":{"allow":["GET"]}}],"collection":[{"href":"https:\/\/lenidavid.com.br\/index.php?rest_route=\/wp\/v2\/posts"}],"about":[{"href":"https:\/\/lenidavid.com.br\/index.php?rest_route=\/wp\/v2\/types\/post"}],"author":[{"embeddable":true,"href":"https:\/\/lenidavid.com.br\/index.php?rest_route=\/wp\/v2\/users\/1"}],"replies":[{"embeddable":true,"href":"https:\/\/lenidavid.com.br\/index.php?rest_route=%2Fwp%2Fv2%2Fcomments&post=1472"}],"version-history":[{"count":2,"href":"https:\/\/lenidavid.com.br\/index.php?rest_route=\/wp\/v2\/posts\/1472\/revisions"}],"predecessor-version":[{"id":2448,"href":"https:\/\/lenidavid.com.br\/index.php?rest_route=\/wp\/v2\/posts\/1472\/revisions\/2448"}],"wp:attachment":[{"href":"https:\/\/lenidavid.com.br\/index.php?rest_route=%2Fwp%2Fv2%2Fmedia&parent=1472"}],"wp:term":[{"taxonomy":"category","embeddable":true,"href":"https:\/\/lenidavid.com.br\/index.php?rest_route=%2Fwp%2Fv2%2Fcategories&post=1472"},{"taxonomy":"post_tag","embeddable":true,"href":"https:\/\/lenidavid.com.br\/index.php?rest_route=%2Fwp%2Fv2%2Ftags&post=1472"}],"curies":[{"name":"wp","href":"https:\/\/api.w.org\/{rel}","templated":true}]}}