{"id":158,"date":"2010-03-07T00:34:36","date_gmt":"2010-03-07T03:34:36","guid":{"rendered":"http:\/\/lenidavid.com.br\/?p=158"},"modified":"2011-09-15T21:36:06","modified_gmt":"2011-09-16T00:36:06","slug":"dival-pitombo","status":"publish","type":"post","link":"https:\/\/lenidavid.com.br\/?p=158","title":{"rendered":"Dival Pitombo"},"content":{"rendered":"<p>&nbsp;<\/p>\n<p style=\"padding-left: 90px;\">\u00a0\u00a0\u00a0\u00a0\u00a0\u00a0\u00a0\u00a0\u00a0\u00a0\u00a0\u00a0\u00a0\u00a0\u00a0\u00a0\u00a0<span style=\"color: #800000;\">\u00a0<strong>Germinal<\/strong><\/span><\/p>\n<p style=\"padding-left: 90px;\">Na sombra do parque feliz<\/p>\n<p style=\"padding-left: 90px;\">goteja o luar<\/p>\n<p style=\"padding-left: 90px;\">cheirando a madressilva.<\/p>\n<p style=\"padding-left: 90px;\">E o orvalho,<\/p>\n<p style=\"padding-left: 90px;\">que viajou na cauda do vento,<\/p>\n<p style=\"padding-left: 90px;\">mitiga a agonia dos girass\u00f3is<\/p>\n<p style=\"padding-left: 90px;\">e\u00a0fecunda o poema.<\/p>\n<div id=\"attachment_160\" style=\"width: 410px\" class=\"wp-caption aligncenter\"><a href=\"http:\/\/lenidavid.com.br\/wp-content\/uploads\/2010\/03\/FeiraAntiga037.jpg\"><img loading=\"lazy\" decoding=\"async\" aria-describedby=\"caption-attachment-160\" class=\"size-medium wp-image-160 \" title=\"Feira Antiga\" src=\"http:\/\/lenidavid.com.br\/wp-content\/uploads\/2010\/03\/FeiraAntiga037-300x193.jpg\" alt=\"\" width=\"400\" height=\"293\" \/><\/a><p id=\"caption-attachment-160\" class=\"wp-caption-text\">Rua Conselheiro Franco<\/p><\/div>\n<p style=\"text-align: justify; padding-left: 30px;\"><strong>Dival da Silva Pitombo<\/strong> (07\/07\/1915 \u2013 03\/07\/1989) nasceu em Feira de Santana. Dedicou-se ao magist\u00e9rio, \u00e0s letras e \u00e0s artes, embora tivesse forma\u00e7\u00e3o em odontologia. Foi professor de Hist\u00f3ria e dirigiu o Instituto Educacional Gast\u00e3o Guimar\u00e3es; tamb\u00e9m fundou e dirigiu o Museu Regional de Feira de Santana e a Associa\u00e7\u00e3o Feirense de Arte. Foi membro do Conselho Estadual de Cultura, s\u00f3cio do Instituto Hist\u00f3rico e Geogr\u00e1fico da Bahia, da Associa\u00e7\u00e3o Baiana de Imprensa, do Centro de Artes Pl\u00e1sticas do Nordeste, da Academia de Letras de Feira de Santana, da qual foi Presidente.<\/p>\n<p style=\"text-align: justify; padding-left: 30px;\">Dival da Silva Pitombo promoveu e incentivou os principais acontecimentos art\u00edsticos e culturais da cidade. Ao lado de Odorico Tavares, fundou o Museu Regional de Feira de Santana, contando com o apoio de Assis Chateaubriand. Al\u00e9m de membro do Conselho Diretor da Funda\u00e7\u00e3o Universidade de Feira de Santana e Diretor de Vida Universit\u00e1ria, fez parte do Conselho Editorial da revista da UEFS, <em>Sitientibus<\/em>, onde publicou poemas e contos. Como romancista, escreveu o romance <em>Beco do Moc\u00f3<\/em>, ainda in\u00e9dito. Como poeta publicou em revistas e jornais culturais e em 1984 publicou o livro Litania para o Tempo e a Esperan\u00e7a.<\/p>\n<p   style=\"padding-left: 90px;\">\u00a0\u00a0\u00a0\u00a0\u00a0\u00a0\u00a0\u00a0\u00a0\u00a0\u00a0 <strong><span style=\"color: #800000;\">Os flamboyans est\u00e3o floridos<\/span><\/strong><\/p>\n<p style=\"padding-left: 90px;\">A chama vegetal<br \/>\ndevorando o verde.<br \/>\nOrgia rubra<br \/>\nagredindo a paz deste crep\u00fasculo.<br \/>\nPoinciana r\u00e9gia.<br \/>\nFlor do Para\u00edso.<br \/>\nLabaredas de Sol<br \/>\ncrestando ninhos.<\/p>\n<p style=\"padding-left: 90px;\">Os flamboyants est\u00e3o floridos!<br \/>\nVerde e escarlate,<br \/>\nmais escarlate que verde.<br \/>\n\u00c9 como um inc\u00eandio no mar!<br \/>\nNa multid\u00e3o indiferente<br \/>\napenas a crian\u00e7a olha.<\/p>\n<p style=\"padding-left: 90px;\">Os flamboyants s\u00e3o para os p\u00e1ssaros!<\/p>\n<p style=\"padding-left: 90px;\">Homens pr\u00e1ticos,<br \/>\nparai vossos computadores.<br \/>\nM\u00e1gicos, poetas,<br \/>\nsacerdotes,<br \/>\nhomens p\u00fablicos<br \/>\ne mulheres publicadas.<\/p>\n<p style=\"padding-left: 90px;\">Vagabundos,<br \/>\nviciados e ladr\u00f5es,<br \/>\ne l\u00e2nguidas prostitutas<br \/>\nque investis na noite<br \/>\no ouro das vossas vidas,<br \/>\nesquecei por um instante<br \/>\na vossa loucura.<\/p>\n<p style=\"padding-left: 90px;\">E correi, de m\u00e3os dadas,<br \/>\npara a pra\u00e7a.<br \/>\nVinde olhar o c\u00e9u,<br \/>\nque h\u00e1 um jardim de fogo<br \/>\nplantado no azul.<\/p>\n<p style=\"padding-left: 90px;\">Os flamboyants est\u00e3o floridos!<\/p>\n<p style=\"padding-left: 90px;\">\u00a0\u00a0\u00a0\u00a0\u00a0\u00a0\u00a0\u00a0\u00a0\u00a0\u00a0\u00a0\u00a0\u00a0\u00a0\u00a0\u00a0\u00a0\u00a0\u00a0\u00a0\u00a0\u00a0\u00a0 (Dival Pitombo)<\/p>\n<p style=\"text-align: center;\">\u00a0<img loading=\"lazy\" decoding=\"async\" class=\"aligncenter size-medium wp-image-855\" title=\"flamboyant\" src=\"http:\/\/lenidavid.com.br\/wp-content\/uploads\/2010\/03\/flamboyant-300x200.jpg\" alt=\"Foto: Leo Brasileiro\" width=\"380\" height=\"280\" \/><\/p>\n","protected":false},"excerpt":{"rendered":"<p>&nbsp; \u00a0\u00a0\u00a0\u00a0\u00a0\u00a0\u00a0\u00a0\u00a0\u00a0\u00a0\u00a0\u00a0\u00a0\u00a0\u00a0\u00a0\u00a0Germinal Na sombra do parque feliz goteja o luar cheirando a madressilva. E o orvalho, que viajou na cauda do vento, mitiga a agonia dos girass\u00f3is e\u00a0fecunda o poema. Dival da Silva Pitombo (07\/07\/1915 \u2013 03\/07\/1989) nasceu em Feira &hellip; <a href=\"https:\/\/lenidavid.com.br\/?p=158\">Continue lendo <span class=\"meta-nav\">&rarr;<\/span><\/a><\/p>\n","protected":false},"author":1,"featured_media":0,"comment_status":"open","ping_status":"open","sticky":false,"template":"","format":"standard","meta":{"footnotes":""},"categories":[178,14],"tags":[35,25,23],"class_list":["post-158","post","type-post","status-publish","format-standard","hentry","category-estante-de-literatura","category-poemas-e-poetas","tag-dival-pitombo","tag-poesia","tag-poetas"],"_links":{"self":[{"href":"https:\/\/lenidavid.com.br\/index.php?rest_route=\/wp\/v2\/posts\/158","targetHints":{"allow":["GET"]}}],"collection":[{"href":"https:\/\/lenidavid.com.br\/index.php?rest_route=\/wp\/v2\/posts"}],"about":[{"href":"https:\/\/lenidavid.com.br\/index.php?rest_route=\/wp\/v2\/types\/post"}],"author":[{"embeddable":true,"href":"https:\/\/lenidavid.com.br\/index.php?rest_route=\/wp\/v2\/users\/1"}],"replies":[{"embeddable":true,"href":"https:\/\/lenidavid.com.br\/index.php?rest_route=%2Fwp%2Fv2%2Fcomments&post=158"}],"version-history":[{"count":14,"href":"https:\/\/lenidavid.com.br\/index.php?rest_route=\/wp\/v2\/posts\/158\/revisions"}],"predecessor-version":[{"id":2596,"href":"https:\/\/lenidavid.com.br\/index.php?rest_route=\/wp\/v2\/posts\/158\/revisions\/2596"}],"wp:attachment":[{"href":"https:\/\/lenidavid.com.br\/index.php?rest_route=%2Fwp%2Fv2%2Fmedia&parent=158"}],"wp:term":[{"taxonomy":"category","embeddable":true,"href":"https:\/\/lenidavid.com.br\/index.php?rest_route=%2Fwp%2Fv2%2Fcategories&post=158"},{"taxonomy":"post_tag","embeddable":true,"href":"https:\/\/lenidavid.com.br\/index.php?rest_route=%2Fwp%2Fv2%2Ftags&post=158"}],"curies":[{"name":"wp","href":"https:\/\/api.w.org\/{rel}","templated":true}]}}