{"id":1645,"date":"2011-03-24T21:59:50","date_gmt":"2011-03-25T00:59:50","guid":{"rendered":"http:\/\/lenidavid.com.br\/?p=1645"},"modified":"2011-09-12T23:51:16","modified_gmt":"2011-09-13T02:51:16","slug":"exposicao-intercambio-bahia-x-sao-paulo","status":"publish","type":"post","link":"https:\/\/lenidavid.com.br\/?p=1645","title":{"rendered":"Exposi\u00e7\u00e3o interc\u00e2mbio &#8211; Bahia x S\u00e3o Paulo"},"content":{"rendered":"<p>\u00a0<\/p>\n<p style=\"text-align: center;\"><img loading=\"lazy\" decoding=\"async\" title=\"Convite\" src=\"http:\/\/lenidavid.com.br\/wp-content\/uploads\/2011\/03\/Convite.jpg\" alt=\"\" width=\"415\" height=\"589\" \/><\/p>\n<p style=\"text-align: justify; padding-left: 30px;\"><strong>Exposi\u00e7\u00e3o no Cuca re\u00fane artistas de v\u00e1rias gera\u00e7\u00f5es<\/strong><\/p>\n<p style=\"text-align: justify; padding-left: 30px;\">\u201cDois estados em di\u00e1logo com a arte\u201d.\u00a0 \u00c9 assim que o artista pl\u00e1stico Leonel   Mattos define a \u201cExposi\u00e7\u00e3o Interc\u00e2mbio Bahia X S\u00e3o Paulo\u201d, que ser\u00e1 realizada na pr\u00f3xima sexta-feira\u00a0 (25). O evento \u00e9 promovido pela Universidade Estadual de Feira de Santana (Uefs), por meio do Centro Universit\u00e1rio de Cultura e Arte (Cuca), em parceria com o Ateli\u00ea Leonel Mattos.<\/p>\n<p style=\"text-align: justify; padding-left: 30px;\">O coquetel de abertura est\u00e1 programado para as 19 horas, na Galeria de Arte Carlo Barbosa, no Cuca. A exposi\u00e7\u00e3o fica aberta \u00e0 visita\u00e7\u00e3o p\u00fablica at\u00e9 15 de abril. \u00c9 a primeira de uma s\u00e9rie que o Ateli\u00ea Leonel Mattos pretende realizar, iniciando por Bahia e S\u00e3o Paulo. Na sequ\u00eancia, a programa\u00e7\u00e3o inclui Rio de Janeiro, Pernambuco, Minas Gerais, Rio Grande do Sul e Par\u00e1.<\/p>\n<p style=\"text-align: justify; padding-left: 30px;\">Participam da mostra artistas das gera\u00e7\u00f5es anos 60, 70 e 80, com uma trajet\u00f3ria consolidada, entre os quais Almandrade, Bel Borba, C\u00e9sar Romero, Gustavo Moreno, Juraci D\u00f3rea, Sante Scaldaferri, S\u00e9rgio Rabinovitz, Vauluizo Bezerra. E mais: Anna Anapana, Ant\u00f4nio Peticov, Claudia Sim\u00f5es, Cacipor\u00e9 Torres, Ivald Granato, Renot, J\u00fa C\u00f4rte Real, Luiz Cavalli e Guilherme Faria.<\/p>\n<p style=\"text-align: justify; padding-left: 30px;\">Com informa\u00e7\u00f5es de Socorro Pitombo &#8211; Cuca\/Uefs<\/p>\n<p style=\"text-align: justify; padding-left: 30px;\"><strong>Local: GALERIA DE ARTE CARLO BARBOSA &#8211; CUCA<\/strong><\/p>\n<p style=\"padding-left: 30px;\">Abertura : 25 de Mar\u00e7o \u00e0s 19 h<\/p>\n<p style=\"padding-left: 30px;\">Visita\u00e7\u00e3o : 25 de Mar\u00e7o a 15 de abril de 2011<\/p>\n<p style=\"padding-left: 30px;\">\u00a0<\/p>\n","protected":false},"excerpt":{"rendered":"<p>\u00a0 Exposi\u00e7\u00e3o no Cuca re\u00fane artistas de v\u00e1rias gera\u00e7\u00f5es \u201cDois estados em di\u00e1logo com a arte\u201d.\u00a0 \u00c9 assim que o artista pl\u00e1stico Leonel Mattos define a \u201cExposi\u00e7\u00e3o Interc\u00e2mbio Bahia X S\u00e3o Paulo\u201d, que ser\u00e1 realizada na pr\u00f3xima sexta-feira\u00a0 (25). O &hellip; <a href=\"https:\/\/lenidavid.com.br\/?p=1645\">Continue lendo <span class=\"meta-nav\">&rarr;<\/span><\/a><\/p>\n","protected":false},"author":1,"featured_media":0,"comment_status":"open","ping_status":"open","sticky":false,"template":"","format":"standard","meta":{"footnotes":""},"categories":[184,17],"tags":[349,382,1859,590],"class_list":["post-1645","post","type-post","status-publish","format-standard","hentry","category-artes-plasticas","category-feira-de-santana","tag-bahia","tag-cuca","tag-feira-de-santana","tag-galeria-de-arte-carlo-barbosa"],"_links":{"self":[{"href":"https:\/\/lenidavid.com.br\/index.php?rest_route=\/wp\/v2\/posts\/1645","targetHints":{"allow":["GET"]}}],"collection":[{"href":"https:\/\/lenidavid.com.br\/index.php?rest_route=\/wp\/v2\/posts"}],"about":[{"href":"https:\/\/lenidavid.com.br\/index.php?rest_route=\/wp\/v2\/types\/post"}],"author":[{"embeddable":true,"href":"https:\/\/lenidavid.com.br\/index.php?rest_route=\/wp\/v2\/users\/1"}],"replies":[{"embeddable":true,"href":"https:\/\/lenidavid.com.br\/index.php?rest_route=%2Fwp%2Fv2%2Fcomments&post=1645"}],"version-history":[{"count":5,"href":"https:\/\/lenidavid.com.br\/index.php?rest_route=\/wp\/v2\/posts\/1645\/revisions"}],"predecessor-version":[{"id":2429,"href":"https:\/\/lenidavid.com.br\/index.php?rest_route=\/wp\/v2\/posts\/1645\/revisions\/2429"}],"wp:attachment":[{"href":"https:\/\/lenidavid.com.br\/index.php?rest_route=%2Fwp%2Fv2%2Fmedia&parent=1645"}],"wp:term":[{"taxonomy":"category","embeddable":true,"href":"https:\/\/lenidavid.com.br\/index.php?rest_route=%2Fwp%2Fv2%2Fcategories&post=1645"},{"taxonomy":"post_tag","embeddable":true,"href":"https:\/\/lenidavid.com.br\/index.php?rest_route=%2Fwp%2Fv2%2Ftags&post=1645"}],"curies":[{"name":"wp","href":"https:\/\/api.w.org\/{rel}","templated":true}]}}