{"id":1903,"date":"2011-05-16T12:08:21","date_gmt":"2011-05-16T15:08:21","guid":{"rendered":"http:\/\/lenidavid.com.br\/?p=1903"},"modified":"2011-09-12T23:08:02","modified_gmt":"2011-09-13T02:08:02","slug":"festa-para-o-bahia-na-getulio-vargas","status":"publish","type":"post","link":"https:\/\/lenidavid.com.br\/?p=1903","title":{"rendered":"Festa para o Bahia  na Get\u00falio Vargas"},"content":{"rendered":"<p>\u00a0<\/p>\n<h2 style=\"text-align: center; padding-left: 30px;\">Bahia de Feira supera o Vit\u00f3ria no Barrad\u00e3o<\/h2>\n<p style=\"text-align: justify; padding-left: 30px;\">A avenida Get\u00falio Vargas ficou pequena para a quantidade de torcedores que desde o in\u00edcio da noite deste domingo (15) foram \u00e0s ruas comemorar o in\u00e9dito t\u00edtulo de campe\u00e3o baiano de futebol conquistado pelo Bahia de Feira. Desde o apito final da partida em que o Tremend\u00e3o bateu o Vit\u00f3ria por 2 a 1 em pleno Barrad\u00e3o, santu\u00e1rio rubro-negro, milhares de pessoas sa\u00edram de casa em passeatas, carreatas, buzina\u00e7os, e festejaram o t\u00edtulo h\u00e1 42 anos esperado pelos feirenses, desde a \u00faltima conquista pelo Fluminense de Feira em 1969.<\/p>\n<p style=\"text-align: justify; padding-left: 30px;\">\u00a0<\/p>\n<p style=\"text-align: justify; padding-left: 30px;\">Marcus Alex Leite Santos disse que s\u00f3 havia visto uma comemora\u00e7\u00e3o nesta dimens\u00e3o, em Feira de Santana, apenas em tr\u00eas oportunidades: no t\u00edtulo nacional do Esporte Clube Bahia, em 1988, e nas \u00faltimas duas conquistas da Sele\u00e7\u00e3o Brasileira nas copas de 1994 e 2002. Para Giovanni Almeida, que tamb\u00e9m foi \u00e0s ruas comemorar o campeonato do Bahia de Feira, o entusiasmo do feirense foi uma \u201cexplos\u00e3o de emo\u00e7\u00e3o reprimida h\u00e1 anos pela falta de t\u00edtulos por times da cidade\u201d. Jo\u00e3o V\u00edtor Nogueira acredita que, a partir de agora, o Bahia de Feira vai conquistar torcedores \u201co que ser\u00e1 bom tamb\u00e9m para o Fluminense, que n\u00e3o vai querer ficar para tr\u00e1s e dever\u00e1 dar a volta por cima a partir de agora\u201d.<\/p>\n<p style=\"text-align: center;\">\u00a0<img loading=\"lazy\" decoding=\"async\" class=\"aligncenter size-full wp-image-1902\" src=\"http:\/\/lenidavid.com.br\/wp-content\/uploads\/2011\/05\/bahiadefeira_campeao_1.jpg\" alt=\"\" width=\"300\" height=\"199\" \/><\/p>\n<p style=\"padding-left: 30px;\"><strong>O jogo<\/strong><\/p>\n<p style=\"text-align: justify; padding-left: 30px;\">O Bahia de Feira poderia ter entrado em campo com a vantagem de jogar por um simples empate nesta \u00faltima e decisiva partida do campeonato baiano de futebol 2011, n\u00e3o fossem os erros de arbitragem que ajudaram o Vit\u00f3ria a empatar o primeiro jogo em Feira de Santana, por 2 a 2, em partida disputada no \u00faltimo domingo, dia 8 de maio. Na oportunidade foi validado o segundo gol do rubro-negro, no qual a televis\u00e3o mostrou que o jogador estava em impedimento.<\/p>\n<p style=\"text-align: justify; padding-left: 30px;\">Mesmo assim, o Bahia de Feira n\u00e3o se deixou abater e desde os primeiros minutos partiu para cima, deixando claro que estava determinado a levantar a ta\u00e7a. Mas, quem abriu o placar foi o Vit\u00f3ria aos 14 minutos do primeiro tempo,\u00a0 com Geovanni, o que aumentou a vantagem do rubro-negro que jogava por um empate por ter feito melhor campanha ao longo da competi\u00e7\u00e3o.<\/p>\n<p style=\"text-align: justify; padding-left: 30px;\">O Tremend\u00e3o n\u00e3o se deixou abater e conseguiu a igualdade do placar ainda no primeiro tempo, j\u00e1 nos acr\u00e9scimos, com Allyson. Ele empurrou para dentro, quase em cima da linha, uma bola cruzada por Bruninho e desviada da zaga por Jo\u00e3o Neto.<\/p>\n<p style=\"text-align: center;\">\u00a0<img loading=\"lazy\" decoding=\"async\" class=\"aligncenter size-full wp-image-1904\" src=\"http:\/\/lenidavid.com.br\/wp-content\/uploads\/2011\/05\/bahiadefeira_campeao_2.jpg\" alt=\"\" width=\"371\" height=\"245\" srcset=\"https:\/\/lenidavid.com.br\/wp-content\/uploads\/2011\/05\/bahiadefeira_campeao_2.jpg 371w, https:\/\/lenidavid.com.br\/wp-content\/uploads\/2011\/05\/bahiadefeira_campeao_2-300x198.jpg 300w\" sizes=\"auto, (max-width: 371px) 100vw, 371px\" \/><\/p>\n<p style=\"text-align: justify; padding-left: 30px;\">No segundo tempo o Bahia de Feira manteve a determina\u00e7\u00e3o do primeiro, acuando o Vit\u00f3ria que s\u00f3 sa\u00eda nos contra-ataques. Neste panorama saiu o gol do t\u00edtulo, aos 21 minutos. L\u00e9o, que havia entrado no lugar de Allysson, tocou para Jo\u00e3o Neto que se livrou do marcador e chutou forte entre o goleiro Vi\u00e1fara e a trave.<\/p>\n<p style=\"text-align: justify; padding-left: 30px;\">A partir da\u00ed, o que se viu foi um Vit\u00f3ria desesperado partindo para o ataque e o Bahia de Feira tocando a bola com tranquilidade, inclusive criando chances de ampliar o marcador. A dez minutos do final da partida o juiz Cleber Wellington Abade chegou a marcar um p\u00eanalti para o Vit\u00f3ria, mas voltou atr\u00e1s depois que observou a bandeira levantada do assistente Roberto Braatz que marcou impedimento do ataque rubro-negro.<\/p>\n<p style=\"text-align: justify; padding-left: 30px;\">Sem for\u00e7as para reagir, o Vit\u00f3ria assistiu o Bahia de Feira avan\u00e7ar para o t\u00edtulo in\u00e9dito e depois comemorar com a pequena torcida que compareceu ao Barrad\u00e3o. Os representantes rubro-negros sequer compareceram depois do jogo para receber a ta\u00e7a e as medalhas de vice-campe\u00e3o.<\/p>\n<p style=\"text-align: justify; padding-left: 30px;\">O Bahia de Feira conquistou o t\u00edtulo com Jair; Edson, Paulo Para\u00edba, Alex Alagoano e Alysson (L\u00e9o); Diones, Rog\u00e9rio, Lau e Bruninho; Carlinhos (Alex Baiano) e Jo\u00e3o Neto; t\u00e9cnico: Arnaldo Lira.<\/p>\n<p style=\"text-align: justify; padding-left: 30px;\">O Vit\u00f3ria atuou com Vi\u00e1fara; Nino Para\u00edba, Alison, Reni\u00ea e Eduardo Neto (L\u00e9o); Esdras, Uelliton, Mineiro e Nik\u00e3o (Rildo); Geovanni (Neto Baiano) e Elkeson; t\u00e9cnico: Ant\u00f4nio Lopes.<\/p>\n<p style=\"text-align: justify; padding-left:   30px;\">Gols: Geovanni aos 15 (Vit\u00f3ria); Alysson aos 45 do primeiro tempo (Bahia de Feira) e Jo\u00e3o Neto aos 21 do segundo tempo (Bahia de Feira)<\/p>\n<p style=\"text-align: justify; padding-left: 30px;\">Cart\u00f5es amarelos: Bruninho, do Bahia de Feira; Nino, Alison, Leo, Uelliton, do Vit\u00f3ria<\/p>\n<p style=\"text-align: justify; padding-left: 30px;\">Cart\u00e3o vermelho: Douglas<\/p>\n<p style=\"text-align: justify; padding-left: 30px;\">\u00c1rbitro: Cl\u00e9ber Abade (SP). Assistentes: Roberto Braatz (PR) e Erick Bandeira (PE).<\/p>\n<p style=\"text-align: justify; padding-left: 30px;\">Texto: Everaldo Goes \/ Feira Hoje<\/p>\n<p style=\"text-align: justify; padding-left: 30px;\">Fotos: Elvis Oliveira \/ Bahia de Feira<\/p>\n<p style=\"text-align: justify; padding-left: 30px;\">Fonte: Feira Hoje<\/p>\n<p style=\"text-align: justify; padding-left: 30px;\">\u00a0<\/p>\n","protected":false},"excerpt":{"rendered":"<p>\u00a0 Bahia de Feira supera o Vit\u00f3ria no Barrad\u00e3o A avenida Get\u00falio Vargas ficou pequena para a quantidade de torcedores que desde o in\u00edcio da noite deste domingo (15) foram \u00e0s ruas comemorar o in\u00e9dito t\u00edtulo de campe\u00e3o baiano de &hellip; <a href=\"https:\/\/lenidavid.com.br\/?p=1903\">Continue lendo <span class=\"meta-nav\">&rarr;<\/span><\/a><\/p>\n","protected":false},"author":1,"featured_media":0,"comment_status":"open","ping_status":"open","sticky":false,"template":"","format":"standard","meta":{"footnotes":""},"categories":[1,13],"tags":[699,698,252],"class_list":["post-1903","post","type-post","status-publish","format-standard","hentry","category-uncategorized","category-homenagens","tag-campeao-baiano-2011","tag-campeonato-baiano","tag-futebol"],"_links":{"self":[{"href":"https:\/\/lenidavid.com.br\/index.php?rest_route=\/wp\/v2\/posts\/1903","targetHints":{"allow":["GET"]}}],"collection":[{"href":"https:\/\/lenidavid.com.br\/index.php?rest_route=\/wp\/v2\/posts"}],"about":[{"href":"https:\/\/lenidavid.com.br\/index.php?rest_route=\/wp\/v2\/types\/post"}],"author":[{"embeddable":true,"href":"https:\/\/lenidavid.com.br\/index.php?rest_route=\/wp\/v2\/users\/1"}],"replies":[{"embeddable":true,"href":"https:\/\/lenidavid.com.br\/index.php?rest_route=%2Fwp%2Fv2%2Fcomments&post=1903"}],"version-history":[{"count":4,"href":"https:\/\/lenidavid.com.br\/index.php?rest_route=\/wp\/v2\/posts\/1903\/revisions"}],"predecessor-version":[{"id":2391,"href":"https:\/\/lenidavid.com.br\/index.php?rest_route=\/wp\/v2\/posts\/1903\/revisions\/2391"}],"wp:attachment":[{"href":"https:\/\/lenidavid.com.br\/index.php?rest_route=%2Fwp%2Fv2%2Fmedia&parent=1903"}],"wp:term":[{"taxonomy":"category","embeddable":true,"href":"https:\/\/lenidavid.com.br\/index.php?rest_route=%2Fwp%2Fv2%2Fcategories&post=1903"},{"taxonomy":"post_tag","embeddable":true,"href":"https:\/\/lenidavid.com.br\/index.php?rest_route=%2Fwp%2Fv2%2Ftags&post=1903"}],"curies":[{"name":"wp","href":"https:\/\/api.w.org\/{rel}","templated":true}]}}