{"id":2154,"date":"2011-07-20T11:23:18","date_gmt":"2011-07-20T14:23:18","guid":{"rendered":"http:\/\/lenidavid.com.br\/?p=2154"},"modified":"2011-11-04T18:00:35","modified_gmt":"2011-11-04T21:00:35","slug":"resultados-do-vestibular-da-uefs","status":"publish","type":"post","link":"https:\/\/lenidavid.com.br\/?p=2154","title":{"rendered":"Resultados do vestibular da UEFS"},"content":{"rendered":"<p>&nbsp;<\/p>\n<p style=\"text-align: justify; padding-left: 30px;\">A Universidade Estadual de Feira de Santana (Uefs) divulga o resultado do vestibular 2011.2 nesta quarta-feira (20), \u00e0s 16h. As listas com os nomes dos convocados ser\u00e3o publicadas na internet, no <a href=\"http:\/\/www.uefs.br\">portal<\/a>, e tamb\u00e9m afixadas no hall do pr\u00e9dio da Reitoria, campus universit\u00e1rio.<\/p>\n<p style=\"text-align: justify; padding-left: 30px;\">A matr\u00edcula em primeira chamada e a entrega de documentos ser\u00e3o realizadas no per\u00edodo de 22 de agosto a 2 de setembro de 2011 em datas espec\u00edficas por curso a serem informadas junto com o resultado do vestibular.<\/p>\n<p style=\"text-align: justify; padding-left: 30px;\">Para este processo seletivo a Uefs ofereceu 815 vagas distribu\u00eddas em 23 cursos e outras 46 vagas especiais, duas a mais por curso para membros de comunidades ind\u00edgenas e quilombolas.<\/p>\n<p style=\"text-align: justify; padding-left: 30px;\">Everaldo Goes \u2013 Ascom\/Uefs<\/p>\n<p style=\"text-align: justify; padding-left: 30px;\">\n","protected":false},"excerpt":{"rendered":"<p>&nbsp; A Universidade Estadual de Feira de Santana (Uefs) divulga o resultado do vestibular 2011.2 nesta quarta-feira (20), \u00e0s 16h. As listas com os nomes dos convocados ser\u00e3o publicadas na internet, no portal, e tamb\u00e9m afixadas no hall do pr\u00e9dio &hellip; <a href=\"https:\/\/lenidavid.com.br\/?p=2154\">Continue lendo <span class=\"meta-nav\">&rarr;<\/span><\/a><\/p>\n","protected":false},"author":1,"featured_media":0,"comment_status":"open","ping_status":"open","sticky":false,"template":"","format":"standard","meta":{"footnotes":""},"categories":[138],"tags":[1859,805],"class_list":["post-2154","post","type-post","status-publish","format-standard","hentry","category-utilidade-publica","tag-feira-de-santana","tag-resultados-do-vestibular-da-uefs"],"_links":{"self":[{"href":"https:\/\/lenidavid.com.br\/index.php?rest_route=\/wp\/v2\/posts\/2154","targetHints":{"allow":["GET"]}}],"collection":[{"href":"https:\/\/lenidavid.com.br\/index.php?rest_route=\/wp\/v2\/posts"}],"about":[{"href":"https:\/\/lenidavid.com.br\/index.php?rest_route=\/wp\/v2\/types\/post"}],"author":[{"embeddable":true,"href":"https:\/\/lenidavid.com.br\/index.php?rest_route=\/wp\/v2\/users\/1"}],"replies":[{"embeddable":true,"href":"https:\/\/lenidavid.com.br\/index.php?rest_route=%2Fwp%2Fv2%2Fcomments&post=2154"}],"version-history":[{"count":4,"href":"https:\/\/lenidavid.com.br\/index.php?rest_route=\/wp\/v2\/posts\/2154\/revisions"}],"predecessor-version":[{"id":3080,"href":"https:\/\/lenidavid.com.br\/index.php?rest_route=\/wp\/v2\/posts\/2154\/revisions\/3080"}],"wp:attachment":[{"href":"https:\/\/lenidavid.com.br\/index.php?rest_route=%2Fwp%2Fv2%2Fmedia&parent=2154"}],"wp:term":[{"taxonomy":"category","embeddable":true,"href":"https:\/\/lenidavid.com.br\/index.php?rest_route=%2Fwp%2Fv2%2Fcategories&post=2154"},{"taxonomy":"post_tag","embeddable":true,"href":"https:\/\/lenidavid.com.br\/index.php?rest_route=%2Fwp%2Fv2%2Ftags&post=2154"}],"curies":[{"name":"wp","href":"https:\/\/api.w.org\/{rel}","templated":true}]}}