{"id":2173,"date":"2011-08-03T15:22:03","date_gmt":"2011-08-03T18:22:03","guid":{"rendered":"http:\/\/lenidavid.com.br\/?p=2173"},"modified":"2011-09-12T21:32:18","modified_gmt":"2011-09-13T00:32:18","slug":"lancamento-de-livro-sertoes-da-bahia","status":"publish","type":"post","link":"https:\/\/lenidavid.com.br\/?p=2173","title":{"rendered":"Lan\u00e7amento de livro &#8211; Sert\u00f5es da Bahia"},"content":{"rendered":"<p>\u00a0<\/p>\n<p style=\"text-align: center; padding-left: 30px;\"><strong><span style=\"color: #ff6600;\">A Livraria LDM, a Editora Arc\u00e1dia e os autores<\/span><\/strong><\/p>\n<p style=\"text-align: center; padding-left: 30px;\">convidam para o lan\u00e7amento da obra<\/p>\n<p style=\"text-align: center; padding-left: 30px;\"><strong><span style=\"color: #ff6600;\">SERT\u00d5ES DA BAHIA<\/span><\/strong><\/p>\n<p style=\"text-align: center; padding-left: 30px;\"><strong>Forma\u00e7\u00e3o Social, Desenvolvimento Econ\u00f4mico, <\/strong><\/p>\n<p style=\"text-align: center; padding-left: 30px;\"><strong>Evolu\u00e7\u00e3o Pol\u00edtica e Diversidade Cultural<\/strong><\/p>\n<p style=\"text-align: center; padding-left: 30px;\"><strong><em>\u00a0<\/em><\/strong><\/p>\n<p style=\"text-align: center; padding-left: 30px;\"><strong><em><span style=\"color: #ff6600;\">Organizado por Erivaldo Fagundes Neves<\/span><\/em><\/strong><\/p>\n<p style=\"text-align: justify; padding-left: 30px;\">\u00a0<strong>S\u00e1bado, 06 de agosto, \u00e0 partir das 10h, na Livraria LDM.<\/strong><\/p>\n<p style=\"text-align: justify; padding-left: 30px;\">(Rua Direita da Piedade, n\u00ba 22, Piedade. Pr\u00f3ximo ao Banco do Brasil e \u00e0 Secretaria de Seguran\u00e7a P\u00fablica)<\/p>\n<p style=\"text-align: justify; padding-left: 30px;\"><strong>A OBRA:<\/strong><\/p>\n<p style=\"text-align: justify; padding-left: 30px;\">Este estudo coletivo dos sert\u00f5es da Bahia pretende oferecer um panorama de viveres comunit\u00e1rios e de recortes regionais com o objetivo de ampliar as possibilidades de investiga\u00e7\u00e3o de suas peculiaridades e estimular novos estudos de cotidianos hist\u00f3ricos das diversas Bahias sertanejas. Organizado para uso de alunos de Hist\u00f3ria da Bahia, atende tamb\u00e9m a interesses de estudiosos da economia, da sociedade, da cultura e da vida pol\u00edtica desta unidade federativa. Apresenta an\u00e1lises tanto de algumas op\u00e7\u00f5es tem\u00e1ticas quanto de determinados recortes espaciais, em formato diferente dos tradicionais comp\u00eandios de hist\u00f3ria de unidades federativas, que tentam abarcar as suas totalidades territoriais. Do mesmo modo que a Hist\u00f3ria do Brasil, a da Bahia n\u00e3o se caracteriza por um somat\u00f3rio de fatos e dados regionais e locais ou de assuntos sobre determinados temas, porque deve registrar os grupos sociais nas suas articula\u00e7\u00f5es inter-regionais, nacionais e exteriores, cujas mem\u00f3rias se conseguem recuperar.<\/p>\n<p style=\"text-align: justify; padding-left: 30px;\">Para o estudo de viveres e saberes de grupos humanos recorre-se ao uso de diferentes recursos metodol\u00f3gicos atrav\u00e9s da articula\u00e7\u00e3o de temas espec\u00edficos ou do cotidiano de determinadas comunidades, sem que se constituam fragmentos do todo, mas conhecimentos de experi\u00eancias sociais em tempos e lugares historicamente constru\u00eddos por distintos grupos, em diferentes formas de intera\u00e7\u00e3o social, diversifica\u00e7\u00e3o cultural, integra\u00e7\u00e3o econ\u00f4mica e articula\u00e7\u00e3o pol\u00edtica.<\/p>\n<p style=\"text-align: justify; padding-left: 30px;\">\u00a0<strong>O ORGANIZADOR:<\/strong><\/p>\n<p style=\"text-align: justify; padding-left: 30px;\"><strong><em>Erivaldo Fagundes Neves<\/em><\/strong> &#8211; Cursou Licenciatura em Hist\u00f3ria na Universidade Cat\u00f3lica do Salvador (1976), Especializa\u00e7\u00e3o em Conte\u00fado e M\u00e9todos do Ensino Superior na Universidade Federal da Bahia (1977), Mestrado em Hist\u00f3ria na Pontif\u00edcia Universidade Cat\u00f3lica de S\u00e3o Paulo (1985) e Doutorado em Hist\u00f3ria na Universidade Federal de Pernambuco (2003), com um ano de bolsa na Universidade de Salamanca (Espanha). Professor pleno da Universidade Estadual de Feira de Santana. Tem experi\u00eancia de ensino na \u00e1rea de Hist\u00f3ria, em cursos de gradua\u00e7\u00e3o, especializa\u00e7\u00e3o e mestrado nas disciplinas: Hist\u00f3ria Econ\u00f4mica Geral, Forma\u00e7\u00e3o Econ\u00f4mica do Brasil, Evolu\u00e7\u00e3o do Capitalismo, Hist\u00f3ria da Bahia, Metodologia da Pesquisa Hist\u00f3rica, Historiografia, Hist\u00f3ria Regional e Local e Hist\u00f3ria Agr\u00e1ria. Desenvolve pesquisas sobre os sert\u00e3o da Bahia, escravid\u00e3o na pecu\u00e1ria e nas policulturas do semi-\u00e1rido, Hist\u00f3ria Agr\u00e1ria, Teoria e Metodologia da Hist\u00f3ria.<\/p>\n<p style=\"text-align: center; padding-left: 30px;\"><img loading=\"lazy\" decoding=\"async\" class=\"aligncenter   size-full wp-image-2174\" src=\"http:\/\/lenidavid.com.br\/wp-content\/uploads\/2011\/08\/GetAttachment.jpg\" alt=\"\" width=\"367\" height=\"258\" \/><\/p>\n","protected":false},"excerpt":{"rendered":"<p>\u00a0 A Livraria LDM, a Editora Arc\u00e1dia e os autores convidam para o lan\u00e7amento da obra SERT\u00d5ES DA BAHIA Forma\u00e7\u00e3o Social, Desenvolvimento Econ\u00f4mico, Evolu\u00e7\u00e3o Pol\u00edtica e Diversidade Cultural \u00a0 Organizado por Erivaldo Fagundes Neves \u00a0S\u00e1bado, 06 de agosto, \u00e0 partir &hellip; <a href=\"https:\/\/lenidavid.com.br\/?p=2173\">Continue lendo <span class=\"meta-nav\">&rarr;<\/span><\/a><\/p>\n","protected":false},"author":1,"featured_media":0,"comment_status":"open","ping_status":"open","sticky":false,"template":"","format":"standard","meta":{"footnotes":""},"categories":[1,9],"tags":[812,479,811],"class_list":["post-2173","post","type-post","status-publish","format-standard","hentry","category-uncategorized","category-livros","tag-erivaldo-fagundes-neves","tag-lancamento-de-livro","tag-sertoes-da-bahia"],"_links":{"self":[{"href":"https:\/\/lenidavid.com.br\/index.php?rest_route=\/wp\/v2\/posts\/2173","targetHints":{"allow":["GET"]}}],"collection":[{"href":"https:\/\/lenidavid.com.br\/index.php?rest_route=\/wp\/v2\/posts"}],"about":[{"href":"https:\/\/lenidavid.com.br\/index.php?rest_route=\/wp\/v2\/types\/post"}],"author":[{"embeddable":true,"href":"https:\/\/lenidavid.com.br\/index.php?rest_route=\/wp\/v2\/users\/1"}],"replies":[{"embeddable":true,"href":"https:\/\/lenidavid.com.br\/index.php?rest_route=%2Fwp%2Fv2%2Fcomments&post=2173"}],"version-history":[{"count":3,"href":"https:\/\/lenidavid.com.br\/index.php?rest_route=\/wp\/v2\/posts\/2173\/revisions"}],"predecessor-version":[{"id":2333,"href":"https:\/\/lenidavid.com.br\/index.php?rest_route=\/wp\/v2\/posts\/2173\/revisions\/2333"}],"wp:attachment":[{"href":"https:\/\/lenidavid.com.br\/index.php?rest_route=%2Fwp%2Fv2%2Fmedia&parent=2173"}],"wp:term":[{"taxonomy":"category","embeddable":true,"href":"https:\/\/lenidavid.com.br\/index.php?rest_route=%2Fwp%2Fv2%2Fcategories&post=2173"},{"taxonomy":"post_tag","embeddable":true,"href":"https:\/\/lenidavid.com.br\/index.php?rest_route=%2Fwp%2Fv2%2Ftags&post=2173"}],"curies":[{"name":"wp","href":"https:\/\/api.w.org\/{rel}","templated":true}]}}