{"id":2176,"date":"2011-08-03T17:47:58","date_gmt":"2011-08-03T20:47:58","guid":{"rendered":"http:\/\/lenidavid.com.br\/?p=2176"},"modified":"2011-09-12T21:31:04","modified_gmt":"2011-09-13T00:31:04","slug":"estudantes-da-uefs-farao-intercambio-no-exterior","status":"publish","type":"post","link":"https:\/\/lenidavid.com.br\/?p=2176","title":{"rendered":"Estudantes da Uefs far\u00e3o interc\u00e2mbio no exterior"},"content":{"rendered":"<p>\u00a0<\/p>\n<p style=\"text-align: justify; padding-left: 30px;\">A Universidade Estadual de Feira de Santana (Uefs) assinou, nesta ter\u00e7a-feira (2), contrato de interc\u00e2mbio com 21 estudantes da gradua\u00e7\u00e3o que v\u00e3o cursar disciplinas em universidades parceiras da Argentina, Portugal e Fran\u00e7a. A solenidade foi realizada pela manh\u00e3 no pr\u00e9dio da Administra\u00e7\u00e3o Central com a presen\u00e7a do vice-reitor Genival Correa, do chefe da Assessoria de Rela\u00e7\u00f5es Interinstitucionais (Aeri) Washington Franca-Rocha, dos estudantes e de familiares.<\/p>\n<p style=\"text-align: justify; padding-left: 30px;\">A estudante Shirley Geany Souza, do curso de Educa\u00e7\u00e3o F\u00edsica, vai fazer interc\u00e2mbio na Universidade de Coimbra, Portugal. Ela afirmou que a oportunidade \u201cvai ampliar as possibilidades de crescimento profissional atrav\u00e9s dos novos conhecimentos que ser\u00e3o adquiridos\u201d. Deise da Silva Concei\u00e7\u00e3o, do curso de Letras com Franc\u00eas e que viaja para a Universit\u00e9 Rennes 2, Fran\u00e7a, afirmou que \u201ca bolsa \u00e9 uma oportunidade \u00fanica para o enriquecimento profissional e cultural\u201d.<\/p>\n<p style=\"text-align: justify; padding-left: 30px;\">O Programa Institucional Bolsa Interc\u00e2mbio da Uefs disponibiliza bolsas desde 2005 para estudantes da gradua\u00e7\u00e3o. No in\u00edcio, foram cinco bolsas e hoje s\u00e3o oferecidas 25 por ano. Os estudantes s\u00e3o respons\u00e1veis pelo transporte, mas recebem subs\u00eddio da Uefs para alimenta\u00e7\u00e3o e alojamento nas universidades de destino.<\/p>\n<p style=\"text-align: justify; padding-left: 30px;\">O chefe da Aeri, Washington Franca-Rocha, salientou que os bolsistas viajam com a chancela da Uefs perante as institui\u00e7\u00f5es parceiras no exterior. A bolsa tem dura\u00e7\u00e3o de seis meses com possibilidade de renova\u00e7\u00e3o.<\/p>\n<p style=\"text-align: justify; padding-left: 30px;\">Ascom\/Uefs<\/p>\n<p style=\"text-align: center;\"><img loading=\"lazy\" decoding=\"async\" class=\"aligncenter size-full wp-image-2177\" title=\"intercambio_solenidade_assinatura\" src=\"http:\/\/lenidavid.com.br\/wp-content\/uploads\/2011\/08\/intercambio_solenidade_assinatura.jpg\"   alt=\"\" width=\"403\" height=\"277\" \/><\/p>\n<p style=\"text-align: justify; padding-left: 30px;\">\u00a0<\/p>\n","protected":false},"excerpt":{"rendered":"<p>\u00a0 A Universidade Estadual de Feira de Santana (Uefs) assinou, nesta ter\u00e7a-feira (2), contrato de interc\u00e2mbio com 21 estudantes da gradua\u00e7\u00e3o que v\u00e3o cursar disciplinas em universidades parceiras da Argentina, Portugal e Fran\u00e7a. A solenidade foi realizada pela manh\u00e3 no &hellip; <a href=\"https:\/\/lenidavid.com.br\/?p=2176\">Continue lendo <span class=\"meta-nav\">&rarr;<\/span><\/a><\/p>\n","protected":false},"author":1,"featured_media":0,"comment_status":"open","ping_status":"open","sticky":false,"template":"","format":"standard","meta":{"footnotes":""},"categories":[1],"tags":[813,1859,174,266,413],"class_list":["post-2176","post","type-post","status-publish","format-standard","hentry","category-uncategorized","tag-estudantes-da-uefs-farao-intercambio-no-exterior","tag-feira-de-santana","tag-franca","tag-portugal","tag-uefs"],"_links":{"self":[{"href":"https:\/\/lenidavid.com.br\/index.php?rest_route=\/wp\/v2\/posts\/2176","targetHints":{"allow":["GET"]}}],"collection":[{"href":"https:\/\/lenidavid.com.br\/index.php?rest_route=\/wp\/v2\/posts"}],"about":[{"href":"https:\/\/lenidavid.com.br\/index.php?rest_route=\/wp\/v2\/types\/post"}],"author":[{"embeddable":true,"href":"https:\/\/lenidavid.com.br\/index.php?rest_route=\/wp\/v2\/users\/1"}],"replies":[{"embeddable":true,"href":"https:\/\/lenidavid.com.br\/index.php?rest_route=%2Fwp%2Fv2%2Fcomments&post=2176"}],"version-history":[{"count":3,"href":"https:\/\/lenidavid.com.br\/index.php?rest_route=\/wp\/v2\/posts\/2176\/revisions"}],"predecessor-version":[{"id":2179,"href":"https:\/\/lenidavid.com.br\/index.php?rest_route=\/wp\/v2\/posts\/2176\/revisions\/2179"}],"wp:attachment":[{"href":"https:\/\/lenidavid.com.br\/index.php?rest_route=%2Fwp%2Fv2%2Fmedia&parent=2176"}],"wp:term":[{"taxonomy":"category","embeddable":true,"href":"https:\/\/lenidavid.com.br\/index.php?rest_route=%2Fwp%2Fv2%2Fcategories&post=2176"},{"taxonomy":"post_tag","embeddable":true,"href":"https:\/\/lenidavid.com.br\/index.php?rest_route=%2Fwp%2Fv2%2Ftags&post=2176"}],"curies":[{"name":"wp","href":"https:\/\/api.w.org\/{rel}","templated":true}]}}