{"id":2226,"date":"2011-08-13T19:41:26","date_gmt":"2011-08-13T22:41:26","guid":{"rendered":"http:\/\/lenidavid.com.br\/?p=2226"},"modified":"2011-09-12T16:11:31","modified_gmt":"2011-09-12T19:11:31","slug":"programacao-comemorativa-do-centenario-de-jorge-amado","status":"publish","type":"post","link":"https:\/\/lenidavid.com.br\/?p=2226","title":{"rendered":"Programa\u00e7\u00e3o comemorativa do centen\u00e1rio de Jorge Amado"},"content":{"rendered":"<p>\u00a0<\/p>\n<p style=\"text-align: center;\"><img loading=\"lazy\" decoding=\"async\" class=\"aligncenter size-full wp-image-2227\" title=\"Foto: Mateus Pereira - Secom\" src=\"http:\/\/lenidavid.com.br\/wp-content\/uploads\/2011\/08\/fto-6-12-08-11-20-28-03.jpg\" alt=\"\" width=\"460\" height=\"306\" srcset=\"https:\/\/lenidavid.com.br\/wp-content\/uploads\/2011\/08\/fto-6-12-08-11-20-28-03.jpg 511w, https:\/\/lenidavid.com.br\/wp-content\/uploads\/2011\/08\/fto-6-12-08-11-20-28-03-300x199.jpg 300w\" sizes=\"auto, (max-width: 460px) 100vw, 460px\" \/><\/p>\n<p style=\"text-align: justify; padding-left: 30px;\">No pr\u00f3ximo ano, o escritor Jorge Amado completaria 100 anos de idade. Para comemorar o centen\u00e1rio do nascimento do escritor, que apresentou a Bahia ao mundo por meio de personagens como \u2018Gabriela\u2019, \u2018Dona Flor\u2019, \u2018Vadinho\u2019, \u2018Pedro Bala\u2019, \u2018Baldu\u00edno\u2019, \u2018Tieta\u2019, entre outros, ser\u00e3o realizadas diversas homenagens em Salvador, Itabuna \u2013 onde ele nasceu -, Ilh\u00e9us e Vit\u00f3ria da Conquista, al\u00e9m de estados como S\u00e3o Paulo e Rio de Janeiro.<\/p>\n<p style=\"text-align: justify; padding-left: 30px;\">A programa\u00e7\u00e3o especial do centen\u00e1rio apresentada na Funda\u00e7\u00e3o Casa de Jorge Amado, no Pelourinho, na quarta-feira (10), quando o escritor faria 99 anos, tamb\u00e9m marcou os 25 anos da institui\u00e7\u00e3o, que re\u00fane todas as obras do homenageado. As homenagens t\u00eam apoio do Estado, por meio da Secretaria de Cultura (Secult), que est\u00e1 realizando diversas atividades para celebrar o Ano Jorge Amado, com programa\u00e7\u00e3o at\u00e9 dezembro de 2012.<\/p>\n<p style=\"text-align: justify; padding-left: 30px;\">J\u00e1 na quarta-feira (10), o escritor mo\u00e7ambicano Mia Couto esteve na Sala Principal do TCA, onde fez a palestra \u2018Um Mar Vivo: Como Jorge \u00e9 Amado em \u00c1frica\u2019, propondo leitura africana da obra do escritor baiano. No Foyer do TCA, acontece a abertura da exposi\u00e7\u00e3o \u2018100 + 100\u2019, com ilustra\u00e7\u00f5es feitas pelo artista pl\u00e1stico Caryb\u00e9 para a obra de Jorge Amado. A exposi\u00e7\u00e3o tamb\u00e9m homenageia o artista pl\u00e1stico argentino radicado na Bahia, que completaria 100 anos em 2011, amigo e parceiro do escritor.<\/p>\n<p style=\"text-align: justify; padding-left: 30px;\"><strong>Col\u00f3quios de literatura<\/strong><\/p>\n<p style=\"text-align: justify; padding-left: 30px;\">De acordo com a diretora executiva da Funda\u00e7\u00e3o Casa de Jorge Amado, Myriam Fraga, a programa\u00e7\u00e3o tamb\u00e9m inclui col\u00f3quios de literatura, que come\u00e7am este m\u00eas, relan\u00e7amento de obras do autor, festival de gastronomia baiana, mostra de cinema, lan\u00e7amento de cat\u00e1logos tem\u00e1ticos de fotos de Jorge Amado com a fam\u00edlia, amigos e no ex\u00edlio.<\/p>\n<p style=\"text-align: justify; padding-left: 30px;\">Nas bibliotecas p\u00fablicas, v\u00e3o ser inclu\u00eddos c\u00edrculos de leitura, exibi\u00e7\u00e3o de filmes acompanhada de debates, oficinas de arte liter\u00e1ria, montagem de espet\u00e1culos e leituras em pra\u00e7as p\u00fablicas. Uma das expectativas para as homenagens \u00e9 a exposi\u00e7\u00e3o itinerante \u2018Jorge, amado e universal\u2019, que inicialmente estar\u00e1 dispon\u00edvel ao p\u00fablico paulista, em mar\u00e7o de 2012, no Museu da L\u00edngua Portuguesa. Logo depois, ser\u00e1 aberta em Salvador, Pernambuco, Minas Gerais, Rio de Janeiro, Paran\u00e1 e em tr\u00eas pa\u00edses, ainda n\u00e3o definidos. \u201cSe meu pai estivesse vivo, com certeza iria gostar muito destas comemora\u00e7\u00f5es, porque ele era festeiro, gostava de conversar, conhecer pessoas\u201d, disse Paloma Amado, filha do escritor.<\/p>\n<p style=\"text-align: justify; padding-left: 30px;\">O secret\u00e1rio da Cultura, Albino Rubim, afirmou que a programa\u00e7\u00e3o come\u00e7ou a ser elaborada desde o in\u00edcio do ano. Setores da sociedade civil e entidades culturais foram convidados para discutirem as atividades do Ano Jorge Amado.<\/p>\n<p style=\"text-align: justify; padding-left: 30px;\"><strong>Eventos para 2011<\/strong><\/p>\n<p style=\"text-align: justify; padding-left: 30px;\"><strong>AGOSTO<\/strong><\/p>\n<p style=\"text-align: justify; padding-left: 30px;\">Dia 15<\/p>\n<p style=\"text-align: justify; padding-left: 30px;\">Biblioteca Juracy Magalh\u00e3es J\u00fanior (Itaparica) \u2013 Exibi\u00e7\u00e3o do document\u00e1rio \u2018Jorge Amado\u2019 (60 minutos), do cineasta Jo\u00e3o Moreira Salles.<\/p>\n<p style=\"text-align: justify; padding-left: 30px;\">Dia 17<\/p>\n<p style=\"text-align: justify; padding-left: 30px;\">Biblioteca de Itaparica &#8211; Oficina liter\u00e1ria sobre a representa\u00e7\u00e3o do negro na obra \u2018Tenda dos Milagres\u2019 destinada aos alunos do ensino m\u00e9dio e pr\u00e9-vestibulandos do munic\u00edpio de Itaparica.<\/p>\n<p style=\"text-align: justify; padding-left: 30px;\">Dia 18<\/p>\n<p style=\"text-align: justify; padding-left: 30px;\">Casa Afr\u00e2nio Peixoto (Len\u00e7\u00f3is) \u2013 Confer\u00eancia \u2018Jorge Amado: da ancestralidade \u00e0 representa\u00e7\u00e3o dos Orix\u00e1s\u2019, com o professor Gildeci de Oliveira Leite, diretor do Departamento de Ci\u00eancias Humanas e Tecnologia (DCHT), da Universidade do Estado da Bahia (Uneb\/Seabra).<\/p>\n<p style=\"text-align: justify; padding-left: 30px;\">Dias 28 e 29<\/p>\n<p style=\"text-align: justify; padding-left: 30px;\">Biblioteca Infantil Monteiro Lobato (bairro Nazar\u00e9, Salvador) &#8211; X Encontro do Programa Nacional de Incentivo \u00e0 Leitura Salvador (Proler) com o debate do tema \u2018Leituras e releituras de Jorge, o Amado\u2019 e realiza\u00e7\u00e3o de oficinas, palestras, saraus liter\u00e1rios sobre o trabalho do escritor.<\/p>\n<p style=\"text-align: justify; padding-left: 30px;\"><strong>OUTUBRO<\/strong><\/p>\n<p style=\"text-align: justify; padding-left: 30px;\">10\u00aa Bienal do Livro da Bahia \u2013 O evento, no Centro de Conven\u00e7\u00f5es da Bahia, prestigiar\u00e1 o Ano Jorge Amado, com lan\u00e7amento de livros e realiza\u00e7\u00e3o de palestras, numa iniciativa da Secult, Secretaria de Educa\u00e7\u00e3o (SEC) e empresa Fagga.<\/p>\n<p style=\"text-align: justify; padding-left: 30px;\">Sal\u00e3o Baiano de Turismo \u2013 Lan\u00e7amento de roteiros tur\u00edsticos na Bahia baseados na vida e obra de Jorge Amado.<\/p>\n<p style=\"text-align: justify; padding-left: 30px;\"><strong>NOVEMBRO<\/strong><\/p>\n<p style=\"text-align: justify; padding-left: 30px;\">Lan\u00e7amento do livro \u2018Verger, Caryb\u00e9 e Jorge Amado\u2019 &#8211; Respons\u00e1veis:   Funda\u00e7\u00e3o Pierre Verger e Funda\u00e7\u00e3o Casa de Jorge Amado.<\/p>\n<p style=\"text-align: justify; padding-left: 30px;\">Lan\u00e7amento do livro \u2018Jorge Amado: 88 anos de vida e obra\u2019 &#8211; Edi\u00e7\u00e3o atualizada e revisada de \u2018Jorge Amado 80 anos de vida e obra: subs\u00eddios para pesquisa\u2019. Respons\u00e1veis: Editora da Ufba (Edufba) e a Funda\u00e7\u00e3o Pedro Calmon<\/p>\n<p style=\"text-align: justify; padding-left: 30px;\"><strong>DEZEMBRO<\/strong><\/p>\n<p style=\"text-align: justify; padding-left: 30px;\">Dia 16<\/p>\n<p style=\"text-align: justify; padding-left: 30px;\">Palestra \u2018Jorge Amado: o escritor de Orix\u00e1s e Candombl\u00e9s da Bahia\u2019 \u2013 O palestrante ser\u00e1 o professor de literatura brasileira, Gildeci de Oliveira Leite. Respons\u00e1veis: Casa Afr\u00e2nio Peixoto e Universidade do Estado da Bahia (Uneb \/Seabra)<\/p>\n","protected":false},"excerpt":{"rendered":"<p>\u00a0 No pr\u00f3ximo ano, o escritor Jorge Amado completaria 100 anos de idade. Para comemorar o centen\u00e1rio do nascimento do escritor, que apresentou a Bahia ao mundo por meio de personagens como \u2018Gabriela\u2019, \u2018Dona Flor\u2019, \u2018Vadinho\u2019, \u2018Pedro Bala\u2019, \u2018Baldu\u00edno\u2019, \u2018Tieta\u2019, &hellip; <a href=\"https:\/\/lenidavid.com.br\/?p=2226\">Continue lendo <span class=\"meta-nav\">&rarr;<\/span><\/a><\/p>\n","protected":false},"author":1,"featured_media":0,"comment_status":"open","ping_status":"open","sticky":false,"template":"","format":"standard","meta":{"footnotes":""},"categories":[1,13],"tags":[845,844,222],"class_list":["post-2226","post","type-post","status-publish","format-standard","hentry","category-uncategorized","category-homenagens","tag-centenario-de-jorge-amado","tag-fundacao-casa-de-jorge-amado","tag-homenagem"],"_links":{"self":[{"href":"https:\/\/lenidavid.com.br\/index.php?rest_route=\/wp\/v2\/posts\/2226","targetHints":{"allow":["GET"]}}],"collection":[{"href":"https:\/\/lenidavid.com.br\/index.php?rest_route=\/wp\/v2\/posts"}],"about":[{"href":"https:\/\/lenidavid.com.br\/index.php?rest_route=\/wp\/v2\/types\/post"}],"author":[{"embeddable":true,"href":"https:\/\/lenidavid.com.br\/index.php?rest_route=\/wp\/v2\/users\/1"}],"replies":[{"embeddable":true,"href":"https:\/\/lenidavid.com.br\/index.php?rest_route=%2Fwp%2Fv2%2Fcomments&post=2226"}],"version-history":[{"count":4,"href":"https:\/\/lenidavid.com.br\/index.php?rest_route=\/wp\/v2\/posts\/2226\/revisions"}],"predecessor-version":[{"id":2229,"href":"https:\/\/lenidavid.com.br\/index.php?rest_route=\/wp\/v2\/posts\/2226\/revisions\/2229"}],"wp:attachment":[{"href":"https:\/\/lenidavid.com.br\/index.php?rest_route=%2Fwp%2Fv2%2Fmedia&parent=2226"}],"wp:term":[{"taxonomy":"category","embeddable":true,"href":"https:\/\/lenidavid.com.br\/index.php?rest_route=%2Fwp%2Fv2%2Fcategories&post=2226"},{"taxonomy":"post_tag","embeddable":true,"href":"https:\/\/lenidavid.com.br\/index.php?rest_route=%2Fwp%2Fv2%2Ftags&post=2226"}],"curies":[{"name":"wp","href":"https:\/\/api.w.org\/{rel}","templated":true}]}}