{"id":2248,"date":"2011-08-15T22:32:47","date_gmt":"2011-08-16T01:32:47","guid":{"rendered":"http:\/\/lenidavid.com.br\/?p=2248"},"modified":"2011-09-12T17:03:11","modified_gmt":"2011-09-12T20:03:11","slug":"feira-do-livro-a-feira-e-a-memoria-i","status":"publish","type":"post","link":"https:\/\/lenidavid.com.br\/?p=2248","title":{"rendered":"Feira do Livro &#8211; A Feira e a Mem\u00f3ria I"},"content":{"rendered":"<p>\u00a0<\/p>\n<p style=\"text-align: justify; padding-left: 30px;\"><strong>Roda<\/strong>: Mem\u00f3ria e esquecimento<\/p>\n<p style=\"text-align: justify; padding-left: 30px;\"><strong>Mote<\/strong>: Percursos da mem\u00f3ria, entre sil\u00eancios e esquecimentos<\/p>\n<p style=\"text-align: justify; padding-left: 30px;\"><strong>Provocadores<\/strong>: Clovis Ramaiana. UNEB &#8211; Campus Alagoinhas e Washington Queiroz &#8211; Membro do Conselho Nacional de Cultura<\/p>\n<p style=\"text-align: justify; padding-left: 30px;\"><strong>Debatedor<\/strong>: Juraci D\u00f3rea \u2013 UEFS<\/p>\n<p style=\"text-align: justify; padding-left: 30px;\"><strong>Local<\/strong>:\u00a0   Audit\u00f3rio da Feira do Livro &#8211; Pra\u00e7a do F\u00f3rum<\/p>\n<p style=\"text-align: justify; padding-left: 30px;\"><strong>Dia<\/strong>: 18\/08 as 14:00h.<\/p>\n<p style=\"text-align: justify; padding-left: 30px;\">Participa\u00e7\u00e3o de cronistas, historiadores, literatos, memorialistas, poetas e quem mais se sentir convidado.<\/p>\n<p style=\"text-align: center;\"><img loading=\"lazy\" decoding=\"async\" class=\"aligncenter size-full wp-image-2250\" src=\"http:\/\/lenidavid.com.br\/wp-content\/uploads\/2011\/08\/Cartaz-Encontro-de-Cordelistas.jpg\" alt=\"\" width=\"270\" height=\"382\" srcset=\"https:\/\/lenidavid.com.br\/wp-content\/uploads\/2011\/08\/Cartaz-Encontro-de-Cordelistas.jpg 375w, https:\/\/lenidavid.com.br\/wp-content\/uploads\/2011\/08\/Cartaz-Encontro-de-Cordelistas-212x300.jpg 212w\" sizes=\"auto, (max-width: 270px) 100vw, 270px\" \/><\/p>\n","protected":false},"excerpt":{"rendered":"<p>\u00a0 Roda: Mem\u00f3ria e esquecimento Mote: Percursos da mem\u00f3ria, entre sil\u00eancios e esquecimentos Provocadores: Clovis Ramaiana. UNEB &#8211; Campus Alagoinhas e Washington Queiroz &#8211; Membro do Conselho Nacional de Cultura Debatedor: Juraci D\u00f3rea \u2013 UEFS Local:\u00a0 Audit\u00f3rio da Feira do &hellip; <a href=\"https:\/\/lenidavid.com.br\/?p=2248\">Continue lendo <span class=\"meta-nav\">&rarr;<\/span><\/a><\/p>\n","protected":false},"author":1,"featured_media":0,"comment_status":"open","ping_status":"open","sticky":false,"template":"","format":"standard","meta":{"footnotes":""},"categories":[1,9,138],"tags":[848,1859,846,847],"class_list":["post-2248","post","type-post","status-publish","format-standard","hentry","category-uncategorized","category-livros","category-utilidade-publica","tag-auditorio-da-feira-do-livro","tag-feira-de-santana","tag-memoria-e-esquecimento","tag-percursos-da-memoria"],"_links":{"self":[{"href":"https:\/\/lenidavid.com.br\/index.php?rest_route=\/wp\/v2\/posts\/2248","targetHints":{"allow":["GET"]}}],"collection":[{"href":"https:\/\/lenidavid.com.br\/index.php?rest_route=\/wp\/v2\/posts"}],"about":[{"href":"https:\/\/lenidavid.com.br\/index.php?rest_route=\/wp\/v2\/types\/post"}],"author":[{"embeddable":true,"href":"https:\/\/lenidavid.com.br\/index.php?rest_route=\/wp\/v2\/users\/1"}],"replies":[{"embeddable":true,"href":"https:\/\/lenidavid.com.br\/index.php?rest_route=%2Fwp%2Fv2%2Fcomments&post=2248"}],"version-history":[{"count":3,"href":"https:\/\/lenidavid.com.br\/index.php?rest_route=\/wp\/v2\/posts\/2248\/revisions"}],"predecessor-version":[{"id":2320,"href":"https:\/\/lenidavid.com.br\/index.php?rest_route=\/wp\/v2\/posts\/2248\/revisions\/2320"}],"wp:attachment":[{"href":"https:\/\/lenidavid.com.br\/index.php?rest_route=%2Fwp%2Fv2%2Fmedia&parent=2248"}],"wp:term":[{"taxonomy":"category","embeddable":true,"href":"https:\/\/lenidavid.com.br\/index.php?rest_route=%2Fwp%2Fv2%2Fcategories&post=2248"},{"taxonomy":"post_tag","embeddable":true,"href":"https:\/\/lenidavid.com.br\/index.php?rest_route=%2Fwp%2Fv2%2Ftags&post=2248"}],"curies":[{"name":"wp","href":"https:\/\/api.w.org\/{rel}","templated":true}]}}