{"id":2294,"date":"2011-09-06T17:50:25","date_gmt":"2011-09-06T20:50:25","guid":{"rendered":"http:\/\/lenidavid.com.br\/?p=2294"},"modified":"2011-09-12T13:06:51","modified_gmt":"2011-09-12T16:06:51","slug":"servidores-rejeitam-mudancas-no-planserv-mas-governo-consegue-sua-aprovacao","status":"publish","type":"post","link":"https:\/\/lenidavid.com.br\/?p=2294","title":{"rendered":"Servidores rejeitam mudan\u00e7as no PLANSERV, mas governo consegue sua aprova\u00e7\u00e3o"},"content":{"rendered":"<p>\u00a0<\/p>\n<p style=\"text-align: justify; padding-left: 30px;\">O Projeto de Lei 19.394\/2011, que institui mudan\u00e7as no Sistema de Assist\u00eancia \u00e0 Sa\u00fade dos Servidores P\u00fablicos Estaduais \u2013 PLANSERV, foi aprovado com 39 votos a favor e 20 contra (03 ausentes), na Assembleia Legislativa, na quarta (31\/08). A vota\u00e7\u00e3o foi marcada pelo protesto de funcion\u00e1rios p\u00fablicos de todo o estado que paralisaram suas atividades para demonstrar seu rep\u00fadio ao projeto. Os manifestantes estiveram reunidos com os parlamentares da base governista antes da vota\u00e7\u00e3o, mas apenas o F\u00f3rum das ADs, o SINTEST e a CSP Conlutas defenderam intransigentemente a rejei\u00e7\u00e3o ao PL.<\/p>\n<p style=\"text-align: justify; padding-left: 30px;\">Boa parte dos representantes do funcionalismo ligada \u00e0 CUT e \u00e0 CTB aceitou negociar \u201cmelhoras\u201d, a exemplo de ampliar de 5 para 10 o n\u00famero de atendimentos de emerg\u00eancias e de 6 para 12 o n\u00famero de consultas anuais. Essa postura foi contr\u00e1ria \u00e0 decis\u00e3o aprovada em assembleia geral pelos servidores p\u00fablicos, no dia 25 de agosto.<\/p>\n<p style=\"text-align: justify; padding-left: 30px;\">Os representantes da Adufs, conforme deliberado em assembleia no dia 29\/08, mantiveram a posi\u00e7\u00e3o de rejeitar todo o conte\u00fado do projeto. \u201cSa\u00fade \u00e9 um direito constitucional. N\u00e3o poder\u00edamos negociar. O que o governo quer \u00e9 que sobre dinheiro para investir no capital\u201d, afirma o coordenador da   Adufs, Jucelho Dantas. O F\u00f3rum das ADs analisa em reuni\u00e3o nesta quinta (08\/09) formas de denunciar os deputados que votaram a favor do Projeto <strong><a href=\"http:\/\/www.adufs-ba.org.br\/admin\/fotos\/Deputados-que-votaram-contra-trabalhadores.pdf\">aqui<\/a><\/strong>.<\/p>\n<p style=\"padding-left: 30px;\"><strong>Deputados que votaram contra os trabalhadores: <\/strong><\/p>\n<p style=\"padding-left: 30px;\">\u00a0<\/p>\n<p style=\"padding-left: 30px;\">Z\u00c9 NETO (PT)<\/p>\n<p style=\"padding-left: 30px;\">YULO OITICICA (PT)<\/p>\n<p style=\"padding-left: 30px;\">Z\u00c9 RAIMUNDO (PT)<\/p>\n<p style=\"padding-left: 30px;\">ROSEMBERG PINTO (PT)<\/p>\n<p style=\"padding-left: 30px;\">PAULO RANGEL (PT)<\/p>\n<p style=\"padding-left: 30px;\">NEUSA CADORE (PT)<\/p>\n<p style=\"padding-left: 30px;\">MARIA DEL CARMEN (PT)<\/p>\n<p style=\"padding-left: 30px;\">MARCELINO GALO (PT)<\/p>\n<p style=\"padding-left: 30px;\">LUIZA MAIA (PT)<\/p>\n<p style=\"padding-left: 30px;\">JOSEILDO RAMOS (PT)<\/p>\n<p style=\"padding-left: 30px;\">JOACY DOURADO (PT)<\/p>\n<p style=\"padding-left: 30px;\">JOTA CARLOS (PT)<\/p>\n<p style=\"padding-left: 30px;\">BIRA COROA (PT)<\/p>\n<p style=\"padding-left: 30px;\">FATIMA NUNES (PT)<\/p>\n<p style=\"padding-left: 30px;\">ADERBAL CALDAS (PP)<\/p>\n<p style=\"padding-left: 30px;\">ADOLFO MENEZES (PSD)<\/p>\n<p style=\"padding-left: 30px;\">ALAN SANCHES (PSD)<\/p>\n<p style=\"padding-left: 30px;\">ALVARO GOMES (PC DO B)<\/p>\n<p style=\"padding-left: 30px;\">ANGELA SOUZA (PSD)<\/p>\n<p style=\"padding-left: 30px;\">ANGELO CORONEL (PSD)<\/p>\n<p style=\"padding-left: 30px;\">CAC\u00c1 LE\u00c3O (PP)<\/p>\n<p style=\"padding-left: 30px;\">CARLOS UBALDINO (PSD)<\/p>\n<p style=\"padding-left: 30px;\">CLAUDIA OLIVEIRA (PSD)<\/p>\n<p style=\"padding-left: 30px;\">DERALDO DAMASCENO (PSL)<\/p>\n<p style=\"padding-left: 30px;\">EUCLIDES FERNANDES (PDT)<\/p>\n<p style=\"padding-left: 30px;\">EURES RIBEIRO (PV)<\/p>\n<p style=\"padding-left: 30px;\">FABRICIO FALC\u00c3O (PC DO B)<\/p>\n<p style=\"padding-left: 30px;\">GILD\u00c1SIO PENEDO (PSD)<\/p>\n<p style=\"padding-left: 30px;\">IVANA BASTOS (PSD)<\/p>\n<p style=\"padding-left: 30px;\">JO\u00c3O BONFIM (PDT)<\/p>\n<p style=\"padding-left: 30px;\">KELLY MAGALH\u00c3ES (PC DO B)<\/p>\n<p style=\"padding-left: 30px;\">LUIZ AUGUSTO (PP)<\/p>\n<p style=\"padding-left: 30px;\">MARCELO NILO (PDT)<\/p>\n<p style=\"padding-left: 30px;\">MARIA LUIZA LAUDANO (PT DO B)<\/p>\n<p style=\"padding-left: 30px;\">MARIO NEGROMONTE JR. (PP)<\/p>\n<p style=\"padding-left: 30px;\">N\u00c9LSON LEAL (PSL)<\/p>\n<p style=\"padding-left: 30px;\">JOS\u00c9 DE ARIMAT\u00c9IA (PRB)<\/p>\n<p style=\"padding-left: 30px;\">SARGENTO IZID\u00d3RIO (PSB)<\/p>\n<p style=\"padding-left: 30px;\">ROBERTO CARLOS (PDT)<\/p>\n<p style=\"padding-left: 30px;\">ROG\u00c9RIO ANDRADE (PSD)<\/p>\n<p style=\"padding-left: 30px;\">RONALDO CARLETTO (PP)<\/p>\n<p style=\"padding-left: 30px;\">SIDEL VAN NOBREGA (PRB)<\/p>\n<p style=\"padding-left: 30px;\">TEMOTEO BRITO (PSD)<\/p>\n<p>Fonte: Boletim Eletr\u00f4nico ADUFS<\/p>\n","protected":false},"excerpt":{"rendered":"<p>\u00a0 O Projeto de Lei 19.394\/2011, que institui mudan\u00e7as no Sistema de Assist\u00eancia \u00e0 Sa\u00fade dos Servidores P\u00fablicos Estaduais \u2013 PLANSERV, foi aprovado com 39 votos a favor e 20 contra (03 ausentes), na Assembleia Legislativa, na quarta (31\/08). A &hellip; <a href=\"https:\/\/lenidavid.com.br\/?p=2294\">Continue lendo <span class=\"meta-nav\">&rarr;<\/span><\/a><\/p>\n","protected":false},"author":1,"featured_media":0,"comment_status":"open","ping_status":"open","sticky":false,"template":"","format":"standard","meta":{"footnotes":""},"categories":[138],"tags":[868,869,867,870],"class_list":["post-2294","post","type-post","status-publish","format-standard","hentry","category-utilidade-publica","tag-governo-da-bahia","tag-mudancas-no-sistema-de-assistencia-a-saude-dos-servidores-publicos-estaduais","tag-planserv","tag-protesto-de-funcionarios-publicos"],"_links":{"self":[{"href":"https:\/\/lenidavid.com.br\/index.php?rest_route=\/wp\/v2\/posts\/2294","targetHints":{"allow":["GET"]}}],"collection":[{"href":"https:\/\/lenidavid.com.br\/index.php?rest_route=\/wp\/v2\/posts"}],"about":[{"href":"https:\/\/lenidavid.com.br\/index.php?rest_route=\/wp\/v2\/types\/post"}],"author":[{"embeddable":true,"href":"https:\/\/lenidavid.com.br\/index.php?rest_route=\/wp\/v2\/users\/1"}],"replies":[{"embeddable":true,"href":"https:\/\/lenidavid.com.br\/index.php?rest_route=%2Fwp%2Fv2%2Fcomments&post=2294"}],"version-history":[{"count":3,"href":"https:\/\/lenidavid.com.br\/index.php?rest_route=\/wp\/v2\/posts\/2294\/revisions"}],"predecessor-version":[{"id":2305,"href":"https:\/\/lenidavid.com.br\/index.php?rest_route=\/wp\/v2\/posts\/2294\/revisions\/2305"}],"wp:attachment":[{"href":"https:\/\/lenidavid.com.br\/index.php?rest_route=%2Fwp%2Fv2%2Fmedia&parent=2294"}],"wp:term":[{"taxonomy":"category","embeddable":true,"href":"https:\/\/lenidavid.com.br\/index.php?rest_route=%2Fwp%2Fv2%2Fcategories&post=2294"},{"taxonomy":"post_tag","embeddable":true,"href":"https:\/\/lenidavid.com.br\/index.php?rest_route=%2Fwp%2Fv2%2Ftags&post=2294"}],"curies":[{"name":"wp","href":"https:\/\/api.w.org\/{rel}","templated":true}]}}