{"id":2992,"date":"2011-10-14T12:39:08","date_gmt":"2011-10-14T15:39:08","guid":{"rendered":"http:\/\/lenidavid.com.br\/?p=2992"},"modified":"2011-10-14T12:40:24","modified_gmt":"2011-10-14T15:40:24","slug":"atendimento-a-vitimas-de-desastres-sera-tema-de-simposio-na-uefs","status":"publish","type":"post","link":"https:\/\/lenidavid.com.br\/?p=2992","title":{"rendered":"Atendimento a v\u00edtimas de desastres ser\u00e1 tema de simp\u00f3sio na Uefs"},"content":{"rendered":"<p>&nbsp;<\/p>\n<p style=\"text-align: justify;\">A Comiss\u00e3o de Formatura de Enfermagem 2011.2 da Universidade Estadual de Feira de Santana (Uefs) promove, no per\u00edodo de 25 a 27 de outubro, o simp\u00f3sio \u201cUrg\u00eancias e Emerg\u00eancias: Atendimento a V\u00edtimas em Desastres e Cat\u00e1strofes \u2013 E a Copa de\u00a0 2014?\u201d.<\/p>\n<p style=\"text-align: justify;\">O simp\u00f3sio, destinado a profissionais e estudantes da \u00e1rea de sa\u00fade, tem o\u00a0 objetivo de promover a atualiza\u00e7\u00e3o por meio de uma discuss\u00e3o articulada acerca\u00a0 de t\u00e9cnicas de atendimento frente \u00e0s situa\u00e7\u00f5es de urg\u00eancia e emerg\u00eancia.\u00a0 Busca-se, ainda, o fortalecimento de parcerias j\u00e1 existentes para atuar na\u00a0 aten\u00e7\u00e3o integral \u00e0 sa\u00fade.<\/p>\n<p style=\"text-align: justify;\">Para se inscrever, os interessados devem se dirigir, at\u00e9 a data do simp\u00f3sio, ao Colegiado de Enfermagem da Uefs, localizada no m\u00f3dulo 6 do campus universit\u00e1rio. A<br \/>\ninscri\u00e7\u00e3o pode ser feita tamb\u00e9m nas Faculdades Nobre (FAN), An\u00edsio Teixeira\u00a0 (FAN) e de Tecnologia e Ci\u00eancia (FTC). O investimento \u00e9 R$ 20 para estudantes e\u00a0 R$ 30 para profissionais.<\/p>\n<p style=\"text-align: justify;\">A programa\u00e7\u00e3o est\u00e1 dispon\u00edvel no portal www.uefs.br. Outras informa\u00e7\u00f5es atrav\u00e9s<br \/>\ndos telefones (75) 9121-1248, 9119-8228 e 9166-5799.<\/p>\n<p style=\"text-align: justify;\">Com informa\u00e7\u00f5es da Ascom\/Uefs<\/p>\n<p style=\"text-align: justify;\">\n","protected":false},"excerpt":{"rendered":"<p>&nbsp; A Comiss\u00e3o de Formatura de Enfermagem 2011.2 da Universidade Estadual de Feira de Santana (Uefs) promove, no per\u00edodo de 25 a 27 de outubro, o simp\u00f3sio \u201cUrg\u00eancias e Emerg\u00eancias: Atendimento a V\u00edtimas em Desastres e Cat\u00e1strofes \u2013 E a &hellip; <a href=\"https:\/\/lenidavid.com.br\/?p=2992\">Continue lendo <span class=\"meta-nav\">&rarr;<\/span><\/a><\/p>\n","protected":false},"author":1,"featured_media":0,"comment_status":"open","ping_status":"open","sticky":false,"template":"","format":"standard","meta":{"footnotes":""},"categories":[1],"tags":[927,1859,928,413],"class_list":["post-2992","post","type-post","status-publish","format-standard","hentry","category-uncategorized","tag-comissao-de-formatura-de-enfermagem","tag-feira-de-santana","tag-simposio","tag-uefs"],"_links":{"self":[{"href":"https:\/\/lenidavid.com.br\/index.php?rest_route=\/wp\/v2\/posts\/2992","targetHints":{"allow":["GET"]}}],"collection":[{"href":"https:\/\/lenidavid.com.br\/index.php?rest_route=\/wp\/v2\/posts"}],"about":[{"href":"https:\/\/lenidavid.com.br\/index.php?rest_route=\/wp\/v2\/types\/post"}],"author":[{"embeddable":true,"href":"https:\/\/lenidavid.com.br\/index.php?rest_route=\/wp\/v2\/users\/1"}],"replies":[{"embeddable":true,"href":"https:\/\/lenidavid.com.br\/index.php?rest_route=%2Fwp%2Fv2%2Fcomments&post=2992"}],"version-history":[{"count":3,"href":"https:\/\/lenidavid.com.br\/index.php?rest_route=\/wp\/v2\/posts\/2992\/revisions"}],"predecessor-version":[{"id":2995,"href":"https:\/\/lenidavid.com.br\/index.php?rest_route=\/wp\/v2\/posts\/2992\/revisions\/2995"}],"wp:attachment":[{"href":"https:\/\/lenidavid.com.br\/index.php?rest_route=%2Fwp%2Fv2%2Fmedia&parent=2992"}],"wp:term":[{"taxonomy":"category","embeddable":true,"href":"https:\/\/lenidavid.com.br\/index.php?rest_route=%2Fwp%2Fv2%2Fcategories&post=2992"},{"taxonomy":"post_tag","embeddable":true,"href":"https:\/\/lenidavid.com.br\/index.php?rest_route=%2Fwp%2Fv2%2Ftags&post=2992"}],"curies":[{"name":"wp","href":"https:\/\/api.w.org\/{rel}","templated":true}]}}