{"id":3081,"date":"2011-11-06T15:42:47","date_gmt":"2011-11-06T18:42:47","guid":{"rendered":"http:\/\/lenidavid.com.br\/?p=3081"},"modified":"2011-11-06T16:32:19","modified_gmt":"2011-11-06T19:32:19","slug":"charles-trenet-e-dalida","status":"publish","type":"post","link":"https:\/\/lenidavid.com.br\/?p=3081","title":{"rendered":"Uma can\u00e7\u00e3o antiga, tr\u00eas interpreta\u00e7\u00f5es"},"content":{"rendered":"<p>&nbsp;<\/p>\n<p><object width=\"480\" height=\"360\" classid=\"clsid:d27cdb6e-ae6d-11cf-96b8-444553540000\" codebase=\"http:\/\/download.macromedia.com\/pub\/shockwave\/cabs\/flash\/swflash.cab#version=6,0,40,0\"><param name=\"allowFullScreen\" value=\"true\" \/><param name=\"allowscriptaccess\" value=\"always\" \/><param name=\"src\" value=\"http:\/\/www.youtube.com\/v\/X70tMctRfyY?version=3&amp;hl=pt_BR&amp;rel=0\" \/><param name=\"allowfullscreen\" value=\"true\" \/><embed width=\"480\" height=\"360\" type=\"application\/x-shockwave-flash\" src=\"http:\/\/www.youtube.com\/v\/X70tMctRfyY?version=3&amp;hl=pt_BR&amp;rel=0\" allowFullScreen=\"true\" allowscriptaccess=\"always\" allowfullscreen=\"true\" \/><\/object><\/p>\n<p style=\"padding-left: 90px;\">Charles Trenet e Dalida<\/p>\n<p>&nbsp;<\/p>\n<p><object width=\"480\" height=\"360\" classid=\"clsid:d27cdb6e-ae6d-11cf-96b8-444553540000\" codebase=\"http:\/\/download.macromedia.com\/pub\/shockwave\/cabs\/flash\/swflash.cab#version=6,0,40,0\"><param name=\"allowFullScreen\" value=\"true\" \/><param name=\"allowscriptaccess\" value=\"always\" \/><param name=\"src\" value=\"http:\/\/www.youtube.com\/v\/TgcKbWsBgFU?version=3&amp;hl=pt_BR&amp;rel=0\" \/><param name=\"allowfullscreen\" value=\"true\" \/><embed width=\"480\" height=\"360\" type=\"application\/x-shockwave-flash\" src=\"http:\/\/www.youtube.com\/v\/TgcKbWsBgFU?version=3&amp;hl=pt_BR&amp;rel=0\" allowFullScreen=\"true\" allowscriptaccess=\"always\" allowfullscreen=\"true\" \/><\/object><\/p>\n<p style=\"padding-left: 180px;\">Gal Costa<\/p>\n<p style=\"text-align: justify;\"><em>Que Reste-t-il de Nous Amour,<\/em> can\u00e7\u00e3o francesa muito antiga, de Charles Trenet. No primeiro v\u00eddeo ela \u00e9 interpretada pelo pr\u00f3prio autor e pela cantora Dalida. No segundo v\u00eddeo quem canta \u00e9 Gal Costa.<br \/>\nUma outra interprta\u00e7\u00e3o,\u00a0na voz de Jo\u00e3o Gilberto, pode ser vista <a href=\"http:\/\/www.youtube.com\/watch?v=RGjmQHC0t0Q&amp;feature=related\">aqui<\/a>,\u00a0 pois infelizmente a incorpora\u00e7\u00e3o do v\u00eddeo foi desativada no youtube.<\/p>\n<p style=\"text-align: justify;\">Essa m\u00fasica \u00a0foi trilha sonora do filme <em>Baisers Vol\u00e9s,<\/em> de Truffau. Para quem gosta, segue a letra:<\/p>\n<p>Que reste-t-il de nos amours<\/p>\n<p>Que reste-t-il de ces beaux jours<\/p>\n<p>Une photo, vieille photo<\/p>\n<p>De ma jeunesse<\/p>\n<p>Que reste-t-il des billets doux<\/p>\n<p>Des mois d&#8217; avril, des rendez-vous<\/p>\n<p>Un souvenir qui me poursuit<\/p>\n<p>Sans cesse<\/p>\n<p>Bonheur fan\u00e9, cheveux au vent<\/p>\n<p>Baisers vol\u00e9s, r\u00eaves mouvants<\/p>\n<p>Que reste-t-il de tout cela<\/p>\n<p>Dites-le-moi<\/p>\n<p>Un petit village, un vieux clocher<\/p>\n<p>Un paysage si bien cach\u00e9<\/p>\n<p>Et dans un nuage le cher visage<\/p>\n<p>De mon pass\u00e9&#8230;<\/p>\n<p>&nbsp;<\/p>\n","protected":false},"excerpt":{"rendered":"<p>&nbsp; Charles Trenet e Dalida &nbsp; Gal Costa Que Reste-t-il de Nous Amour, can\u00e7\u00e3o francesa muito antiga, de Charles Trenet. No primeiro v\u00eddeo ela \u00e9 interpretada pelo pr\u00f3prio autor e pela cantora Dalida. No segundo v\u00eddeo quem canta \u00e9 Gal &hellip; <a href=\"https:\/\/lenidavid.com.br\/?p=3081\">Continue lendo <span class=\"meta-nav\">&rarr;<\/span><\/a><\/p>\n","protected":false},"author":1,"featured_media":0,"comment_status":"open","ping_status":"open","sticky":false,"template":"","format":"standard","meta":{"footnotes":""},"categories":[119],"tags":[547,963,143,331,964],"class_list":["post-3081","post","type-post","status-publish","format-standard","hentry","category-musica","tag-charles-trenet","tag-dalida","tag-musica-francesa","tag-musique-francaise","tag-que-reste-t-il-de-nos-amours"],"_links":{"self":[{"href":"https:\/\/lenidavid.com.br\/index.php?rest_route=\/wp\/v2\/posts\/3081","targetHints":{"allow":["GET"]}}],"collection":[{"href":"https:\/\/lenidavid.com.br\/index.php?rest_route=\/wp\/v2\/posts"}],"about":[{"href":"https:\/\/lenidavid.com.br\/index.php?rest_route=\/wp\/v2\/types\/post"}],"author":[{"embeddable":true,"href":"https:\/\/lenidavid.com.br\/index.php?rest_route=\/wp\/v2\/users\/1"}],"replies":[{"embeddable":true,"href":"https:\/\/lenidavid.com.br\/index.php?rest_route=%2Fwp%2Fv2%2Fcomments&post=3081"}],"version-history":[{"count":5,"href":"https:\/\/lenidavid.com.br\/index.php?rest_route=\/wp\/v2\/posts\/3081\/revisions"}],"predecessor-version":[{"id":3084,"href":"https:\/\/lenidavid.com.br\/index.php?rest_route=\/wp\/v2\/posts\/3081\/revisions\/3084"}],"wp:attachment":[{"href":"https:\/\/lenidavid.com.br\/index.php?rest_route=%2Fwp%2Fv2%2Fmedia&parent=3081"}],"wp:term":[{"taxonomy":"category","embeddable":true,"href":"https:\/\/lenidavid.com.br\/index.php?rest_route=%2Fwp%2Fv2%2Fcategories&post=3081"},{"taxonomy":"post_tag","embeddable":true,"href":"https:\/\/lenidavid.com.br\/index.php?rest_route=%2Fwp%2Fv2%2Ftags&post=3081"}],"curies":[{"name":"wp","href":"https:\/\/api.w.org\/{rel}","templated":true}]}}