{"id":3211,"date":"2011-12-05T12:19:09","date_gmt":"2011-12-05T15:19:09","guid":{"rendered":"http:\/\/lenidavid.com.br\/?p=3211"},"modified":"2011-12-05T12:19:09","modified_gmt":"2011-12-05T15:19:09","slug":"clube-de-fotografia-gerson-bullos-viagem-fotografica-a-rio-de-contas","status":"publish","type":"post","link":"https:\/\/lenidavid.com.br\/?p=3211","title":{"rendered":"Clube de Fotografia Gerson Bullos &#8211; Viagem Fotogr\u00e1fica a Rio de Contas"},"content":{"rendered":"<p style=\"text-align: center;\"><img loading=\"lazy\" decoding=\"async\" class=\"aligncenter size-full wp-image-3212\" src=\"http:\/\/lenidavid.com.br\/wp-content\/uploads\/2011\/12\/cludedefotografia_riodecontas.jpg\" alt=\"\" width=\"567\" height=\"375\" \/><\/p>\n<p style=\"text-align: justify;\">Um grupo formado pelos fot\u00f3grafos Ant\u00f4nio Vieira, J. Angelo Pinto, Claudia Freire, Marcio Medrado, Valcir Gobatto e seus familiares, realizou de 11 a 15 de novembro de 2011 uma viagem ao munic\u00edpio de Rio de Contas &#8211; BA, com o objetivo de produzir um document\u00e1rio fotogr\u00e1fico desta bela cidade da Chapada Diamantina.<\/p>\n<p style=\"text-align: justify;\">Rio de Contas foi criada pela Provis\u00e3o R\u00e9gia de D. Jo\u00e3o V, datada de 02 de outubro de 1745 e afirmam alguns historiadores que ela foi a primeira cidade planejada do Brasil. O munic\u00edpio preserva o tra\u00e7ado antigo, apresentando pra\u00e7as e ruas amplas, igrejas barrocas, monumentos p\u00fablicos e religiosos em pedra e casarios em adobe. Rio de Contas est\u00e1 situado no Planalto da Serra das Almas, aproximadamente a 1.100 metros de altitude, na Chapada Diamantina Meridional, posi\u00e7\u00e3o Centro-Oeste.<\/p>\n<p style=\"text-align: justify;\">Atualmente a cidade de Rio de Contas \u00e9 um importante polo de ecoturismo na Bahia e onde se experimenta a tranquilidade das pequenas e antigas cidades, com seus moradores sentados ao final das tardes em cadeiras nas cal\u00e7adas, crian\u00e7as brincando nas pra\u00e7as, encontro dos amigos nos dias de feira, tudo isto emoldurado por uma beleza arquitet\u00f4nica muito bem preservada, lindas montanhas e uma natureza exuberante.<\/p>\n<p style=\"text-align: justify;\">Os pontos mais altos do Estado da Bahia est\u00e3o localizados em Rio de Contas. Pico Barbados, com 2.033 metros; Pico Itobira, com 1.970 metros; Pico Tromba, com 1.965 metros e Pico das Almas, com 1.958 metros de altitude. Uma regi\u00e3o de flora muito rica, com suas lindas brom\u00e9lias e orqu\u00eddeas, lindas cachoeiras, muitos rios e um povo<br \/>\nam\u00e1vel e hospitaleiro.<\/p>\n<p style=\"text-align: justify;\">Os fot\u00f3grafos associados ao Clube de Fotografia Gerson Bullos que participaram deste projeto, produziram um total de aproximadamente 7 mil imagens e planejam a publica\u00e7\u00e3o de uma revista denominada &#8220;Rio de Contas &#8211; O ponto alto da Bahia&#8221;, onde divulgar\u00e3o belas fotos e um pouco da hist\u00f3ria local, no in\u00edcio do pr\u00f3ximo<\/p>\n","protected":false},"excerpt":{"rendered":"<p>Um grupo formado pelos fot\u00f3grafos Ant\u00f4nio Vieira, J. Angelo Pinto, Claudia Freire, Marcio Medrado, Valcir Gobatto e seus familiares, realizou de 11 a 15 de novembro de 2011 uma viagem ao munic\u00edpio de Rio de Contas &#8211; BA, com o &hellip; <a href=\"https:\/\/lenidavid.com.br\/?p=3211\">Continue lendo <span class=\"meta-nav\">&rarr;<\/span><\/a><\/p>\n","protected":false},"author":1,"featured_media":0,"comment_status":"open","ping_status":"open","sticky":false,"template":"","format":"standard","meta":{"footnotes":""},"categories":[17,16],"tags":[371,1859,6,1002],"class_list":["post-3211","post","type-post","status-publish","format-standard","hentry","category-feira-de-santana","category-fotografos-olhos-magicos","tag-clube-de-fotografia-gerson-bullos","tag-feira-de-santana","tag-fotografia","tag-viagem-fotografica-a-rio-de-contas"],"_links":{"self":[{"href":"https:\/\/lenidavid.com.br\/index.php?rest_route=\/wp\/v2\/posts\/3211","targetHints":{"allow":["GET"]}}],"collection":[{"href":"https:\/\/lenidavid.com.br\/index.php?rest_route=\/wp\/v2\/posts"}],"about":[{"href":"https:\/\/lenidavid.com.br\/index.php?rest_route=\/wp\/v2\/types\/post"}],"author":[{"embeddable":true,"href":"https:\/\/lenidavid.com.br\/index.php?rest_route=\/wp\/v2\/users\/1"}],"replies":[{"embeddable":true,"href":"https:\/\/lenidavid.com.br\/index.php?rest_route=%2Fwp%2Fv2%2Fcomments&post=3211"}],"version-history":[{"count":1,"href":"https:\/\/lenidavid.com.br\/index.php?rest_route=\/wp\/v2\/posts\/3211\/revisions"}],"predecessor-version":[{"id":3213,"href":"https:\/\/lenidavid.com.br\/index.php?rest_route=\/wp\/v2\/posts\/3211\/revisions\/3213"}],"wp:attachment":[{"href":"https:\/\/lenidavid.com.br\/index.php?rest_route=%2Fwp%2Fv2%2Fmedia&parent=3211"}],"wp:term":[{"taxonomy":"category","embeddable":true,"href":"https:\/\/lenidavid.com.br\/index.php?rest_route=%2Fwp%2Fv2%2Fcategories&post=3211"},{"taxonomy":"post_tag","embeddable":true,"href":"https:\/\/lenidavid.com.br\/index.php?rest_route=%2Fwp%2Fv2%2Ftags&post=3211"}],"curies":[{"name":"wp","href":"https:\/\/api.w.org\/{rel}","templated":true}]}}