{"id":3270,"date":"2011-12-11T18:46:09","date_gmt":"2011-12-11T21:46:09","guid":{"rendered":"http:\/\/lenidavid.com.br\/?p=3270"},"modified":"2011-12-11T18:46:09","modified_gmt":"2011-12-11T21:46:09","slug":"protesto","status":"publish","type":"post","link":"https:\/\/lenidavid.com.br\/?p=3270","title":{"rendered":"Protesto"},"content":{"rendered":"<p>&nbsp;<\/p>\n<p style=\"padding-left: 270px;\">Desrespeito \u00e0 arte<\/p>\n<p>O artista pl\u00e1stico Leonel Mattos, que participou da exposi\u00e7\u00e3o Arte ef\u00eamera em Feira de Santana, fez o seguinte protesto:<\/p>\n<p style=\"text-align: justify; padding-left: 30px;\">&#8220;Estive em Feira de Santana para realizar uma interven\u00e7\u00e3o\u00a0 urbana de Arte Ef\u00eamera, por sinal com um excelente resultado. Lament\u00e1vel foi ver o monumento do artista pl\u00e1stico Feirense, JURACI DOREA, coberto\u00a0 uma parte, com um tecido vermelho servindo de varal de corda!<br \/>\nAmanh\u00e3 vou fazer uma carta ao prefeito de Feira de Santana para pedir a retirada do tecido, que n\u00e3o sei se foi para a decora\u00e7\u00e3o do Natal ou coisa parecida!&#8221;<br \/>\nLeonel Mattos<br \/>\nArtista Pl\u00e1stico e Presidente do SINAPEV-BA<\/p>\n<p style=\"text-align: center;\"><img loading=\"lazy\" decoding=\"async\" class=\"aligncenter size-full wp-image-3271\" src=\"http:\/\/lenidavid.com.br\/wp-content\/uploads\/2011\/12\/Juraci-DSC06183.jpg\" alt=\"\" width=\"544\" height=\"408\" srcset=\"https:\/\/lenidavid.com.br\/wp-content\/uploads\/2011\/12\/Juraci-DSC06183.jpg 544w, https:\/\/lenidavid.com.br\/wp-content\/uploads\/2011\/12\/Juraci-DSC06183-300x225.jpg 300w, https:\/\/lenidavid.com.br\/wp-content\/uploads\/2011\/12\/Juraci-DSC06183-400x300.jpg 400w\" sizes=\"auto, (max-width: 544px) 100vw, 544px\" \/><\/p>\n","protected":false},"excerpt":{"rendered":"<p>&nbsp; Desrespeito \u00e0 arte O artista pl\u00e1stico Leonel Mattos, que participou da exposi\u00e7\u00e3o Arte ef\u00eamera em Feira de Santana, fez o seguinte protesto: &#8220;Estive em Feira de Santana para realizar uma interven\u00e7\u00e3o\u00a0 urbana de Arte Ef\u00eamera, por sinal com um &hellip; <a href=\"https:\/\/lenidavid.com.br\/?p=3270\">Continue lendo <span class=\"meta-nav\">&rarr;<\/span><\/a><\/p>\n","protected":false},"author":1,"featured_media":0,"comment_status":"open","ping_status":"open","sticky":false,"template":"","format":"standard","meta":{"footnotes":""},"categories":[374,138],"tags":[1862,130,353,1014],"class_list":["post-3270","post","type-post","status-publish","format-standard","hentry","category-curiosidades","category-utilidade-publica","tag-artes-plasticas","tag-cotidiano","tag-juraci-dorea","tag-leonel-mattos"],"_links":{"self":[{"href":"https:\/\/lenidavid.com.br\/index.php?rest_route=\/wp\/v2\/posts\/3270","targetHints":{"allow":["GET"]}}],"collection":[{"href":"https:\/\/lenidavid.com.br\/index.php?rest_route=\/wp\/v2\/posts"}],"about":[{"href":"https:\/\/lenidavid.com.br\/index.php?rest_route=\/wp\/v2\/types\/post"}],"author":[{"embeddable":true,"href":"https:\/\/lenidavid.com.br\/index.php?rest_route=\/wp\/v2\/users\/1"}],"replies":[{"embeddable":true,"href":"https:\/\/lenidavid.com.br\/index.php?rest_route=%2Fwp%2Fv2%2Fcomments&post=3270"}],"version-history":[{"count":2,"href":"https:\/\/lenidavid.com.br\/index.php?rest_route=\/wp\/v2\/posts\/3270\/revisions"}],"predecessor-version":[{"id":3273,"href":"https:\/\/lenidavid.com.br\/index.php?rest_route=\/wp\/v2\/posts\/3270\/revisions\/3273"}],"wp:attachment":[{"href":"https:\/\/lenidavid.com.br\/index.php?rest_route=%2Fwp%2Fv2%2Fmedia&parent=3270"}],"wp:term":[{"taxonomy":"category","embeddable":true,"href":"https:\/\/lenidavid.com.br\/index.php?rest_route=%2Fwp%2Fv2%2Fcategories&post=3270"},{"taxonomy":"post_tag","embeddable":true,"href":"https:\/\/lenidavid.com.br\/index.php?rest_route=%2Fwp%2Fv2%2Ftags&post=3270"}],"curies":[{"name":"wp","href":"https:\/\/api.w.org\/{rel}","templated":true}]}}