{"id":3484,"date":"2012-02-05T11:24:37","date_gmt":"2012-02-05T14:24:37","guid":{"rendered":"http:\/\/lenidavid.com.br\/?p=3484"},"modified":"2012-02-05T23:18:16","modified_gmt":"2012-02-06T02:18:16","slug":"pos-caribe-de-dilma-e-wagner","status":"publish","type":"post","link":"https:\/\/lenidavid.com.br\/?p=3484","title":{"rendered":"P\u00f3s-Caribe de Dilma e Wagner"},"content":{"rendered":"<p><img loading=\"lazy\" decoding=\"async\" class=\"aligncenter size-full wp-image-3490\" title=\"Foto: Lucio Tavora A Tarde\" src=\"http:\/\/lenidavid.com.br\/wp-content\/uploads\/2012\/02\/Lucio-Tavora-A-Tarde.jpg\" alt=\"\" width=\"407\" height=\"305\" srcset=\"https:\/\/lenidavid.com.br\/wp-content\/uploads\/2012\/02\/Lucio-Tavora-A-Tarde.jpg 407w, https:\/\/lenidavid.com.br\/wp-content\/uploads\/2012\/02\/Lucio-Tavora-A-Tarde-300x224.jpg 300w, https:\/\/lenidavid.com.br\/wp-content\/uploads\/2012\/02\/Lucio-Tavora-A-Tarde-400x300.jpg 400w\" sizes=\"auto, (max-width: 407px) 100vw, 407px\" \/><\/p>\n<p style=\"text-align: justify;\">Antes de come\u00e7ar de fato, raras visitas de um chefe de Estado, e respectivas comitivas, \u00e0 ilha de Cuba foram cercadas de tantas expectativas, alvissareiras, quanto a realizada esta semana pela presidente do Brasil, Dilma Rousseff a Havana. No desfecho, poucas viagens deixaram gosto t\u00e3o amargo, tantas frustra\u00e7\u00f5es e a sensa\u00e7\u00e3o melanc\u00f3lica dos boleros caribenhos sobre o fim de uma grande paix\u00e3o quando se desfaz.<\/p>\n<p style=\"text-align: justify;\">\nA quest\u00e3o \u00e9 saber no meio do desalento quase geral &#8211; do governo, da diplomacia, dos dissidentes do regime cubano, dos defensores dos direitos humanos e da liberdade de express\u00e3o &#8211; que bolero ilustra melhor o p\u00f3s-Caribe da presidente e de um de seus principais acompanhantes na comitiva levada \u00e0 capital cubana &#8211; o governador petista da Bahia, Jaques Wagner.<\/p>\n<p style=\"text-align: justify;\">\nAgora que est\u00e3o de volta &#8211; Dilma a Bras\u00edlia e Wagner a Salvador &#8211; ambos se veem \u00e0s voltas com velhos problemas pol\u00edticos e administrativos menosprezados e deixados sem resolver antes da viagem. Viraram assombra\u00e7\u00f5es para os dois no retorno, somados \u00e0 repercuss\u00e3o externa pr\u00f3xima ao fiasco da recente excurs\u00e3o a Havana. Salvo, diga-se a bem da verdade factual, para os representantes m\u00e1ximos do regime da Ilha &#8211; Raul Castro e Fidel &#8211; e os donos da poderosa empreiteira baiana encarregada da constru\u00e7\u00e3o do novo e monumental porto cubano, obra movida a generosos e fabulosos investimentos brasileiros, visitada por Dilma e Wagner.<\/p>\n<p style=\"text-align: justify;\">\n&#8220;Pepinos deixados de molho n\u00e3o significam pepinos descascados&#8221;, ensinam aos governantes e pol\u00edticos as s\u00e1bias e boas cozinheiras do Rec\u00f4ncavo Baiano. Em Cuba ou por aqui a verdade \u00e9 a mesma. Tanto que mal desembarcaram de volta, a presidente da Rep\u00fablica e o governador da Bahia deram de cara com quest\u00f5es que pareciam insignificantes (por ilus\u00e3o de \u00f3tica ou erro de avalia\u00e7\u00e3o pol\u00edtica), mas que se tornaram problema\u00e7os comuns aos dois nos \u00faltimos dias.<\/p>\n<p style=\"text-align: justify;\">\nEm Bras\u00edlia, com fortes e ainda imprevis\u00edveis repercuss\u00f5es, principalmente no \u00e2mbito regional (mas nacional tamb\u00e9m como logo se ver\u00e1) o desastrado e humilhante epis\u00f3dio do golpe de fac\u00e3o desfechado finalmente no pesco\u00e7o do ministro das Cidades, Mario Negromonte (PP-BA). Na verdade, este caso prolongado al\u00e9m da conta mais parece briga de compadres ou de parentes pr\u00f3ximos. Troca de seis por meia d\u00fazia &#8211; para assinalar uma das caracter\u00edsticas at\u00e9 aqui do governo Dilma &#8211; em lugar de reforma ministerial para valer, como se anunciava aos quatro ventos.<\/p>\n<p style=\"text-align: justify;\">\nAinda assim, o desdobramento desgastante deste caso deixa calos de sangue e muitas m\u00e1goas guardadas no pote e na geladeira para futuras cobran\u00e7as (ou trocos) que seguramente vir\u00e3o, em Bras\u00edlia e na Bahia. \u00c9 s\u00f3 esperar uns dias mais e verificar.<br \/>\nEm Salvador, ao desembarcar do Caribe, o governador Wagner encontrou o circo pegando fogo em seu terreiro. Uma greve de PMs e bombeiros, que o governo baiano avaliou com indiferen\u00e7a, como manobras de fac\u00e7\u00f5es empurradas por interesses pol\u00edticos e eleitorais de dirigentes de entidades da corpora\u00e7\u00e3o &#8211; al\u00e9m do Twitter do l\u00edder do DEM, ACM Neto (postulante a prefeito da capital) e da dupla de dirigentes do PMDB baiano, Geddel e L\u00facio Vieira Lima,- ganhou corpo enquanto Wagner viajava.<\/p>\n<p style=\"text-align: justify;\">\nNa quarta-feira, a Assembleia Legislativa da Bahia foi invadida por PMs grevistas, depois de um dia de c\u00e3o no tr\u00e2nsito, na volta do trabalho de milhares de pessoas de todas as idades. Na quinta, ruas hist\u00f3ricas do centro com gente correndo apavorada; com\u00e9rcio fechando as portas mais cedo diante de gritos de &#8220;arrast\u00e3o&#8221; e de estranhas figuras encapuzadas e com armas na m\u00e3o que mandavam &#8220;fechar&#8221; e davam outros comandos, pela cidade.<\/p>\n<p style=\"text-align: justify;\">\nEm resumo, pavor instalado nos principais shoppings centers, invas\u00f5es de lojas no sub\u00farbio, caos completo em Feira de Santana, a segunda maior cidade da Bahia. &#8220;A sensa\u00e7\u00e3o de inseguran\u00e7a da popula\u00e7\u00e3o&#8221;, reconhecida pelo governador em comunicado sobre a convoca\u00e7\u00e3o da For\u00e7a Nacional para, com ajuda do Ex\u00e9rcito e PMs que n\u00e3o aderiram \u00e0 greve, tentar restabelecer a seguran\u00e7a e a tranquilidade para os baianos.<\/p>\n<p style=\"text-align: justify;\">\n&#8220;Fomos surpreendidos pelos radicais&#8221;, escuto o secret\u00e1rio de Seguran\u00e7a da Bahia dizer na televis\u00e3o, antes do barulho ensurdecedor do helic\u00f3ptero militar que sobrevoa o edif\u00edcio onde moro no bairro de Itaigara, a poucos metros de dist\u00e2ncia do heliporto do Col\u00e9gio Militar do Ex\u00e9rcito em Salvador.<\/p>\n<p style=\"text-align: justify;\">\nNem parecem palavras de ocupante de cargo na c\u00fapula do governo petista. O desfecho desta hist\u00f3ria p\u00f3s-caribenha do governador Wagner e da presidente Dilma s\u00f3 saberemos nas pr\u00f3ximas horas. Ou mais prov\u00e1vel nos pr\u00f3ximos dias, pelo andar da carruagem.<br \/>\nSem p\u00e2nico, \u00e9 esperar e conferir.<\/p>\n<p style=\"text-align: justify; padding-left: 210px;\">Vitor Hugo Soares<\/p>\n","protected":false},"excerpt":{"rendered":"<p>Antes de come\u00e7ar de fato, raras visitas de um chefe de Estado, e respectivas comitivas, \u00e0 ilha de Cuba foram cercadas de tantas expectativas, alvissareiras, quanto a realizada esta semana pela presidente do Brasil, Dilma Rousseff a Havana. No desfecho, &hellip; <a href=\"https:\/\/lenidavid.com.br\/?p=3484\">Continue lendo <span class=\"meta-nav\">&rarr;<\/span><\/a><\/p>\n","protected":false},"author":1,"featured_media":0,"comment_status":"open","ping_status":"open","sticky":false,"template":"","format":"standard","meta":{"footnotes":""},"categories":[19],"tags":[349,130,1067,1069,1068],"class_list":["post-3484","post","type-post","status-publish","format-standard","hentry","category-artigos","tag-bahia","tag-cotidiano","tag-dilma","tag-greve-da-pm-na-bahia","tag-wagner"],"_links":{"self":[{"href":"https:\/\/lenidavid.com.br\/index.php?rest_route=\/wp\/v2\/posts\/3484","targetHints":{"allow":["GET"]}}],"collection":[{"href":"https:\/\/lenidavid.com.br\/index.php?rest_route=\/wp\/v2\/posts"}],"about":[{"href":"https:\/\/lenidavid.com.br\/index.php?rest_route=\/wp\/v2\/types\/post"}],"author":[{"embeddable":true,"href":"https:\/\/lenidavid.com.br\/index.php?rest_route=\/wp\/v2\/users\/1"}],"replies":[{"embeddable":true,"href":"https:\/\/lenidavid.com.br\/index.php?rest_route=%2Fwp%2Fv2%2Fcomments&post=3484"}],"version-history":[{"count":8,"href":"https:\/\/lenidavid.com.br\/index.php?rest_route=\/wp\/v2\/posts\/3484\/revisions"}],"predecessor-version":[{"id":3504,"href":"https:\/\/lenidavid.com.br\/index.php?rest_route=\/wp\/v2\/posts\/3484\/revisions\/3504"}],"wp:attachment":[{"href":"https:\/\/lenidavid.com.br\/index.php?rest_route=%2Fwp%2Fv2%2Fmedia&parent=3484"}],"wp:term":[{"taxonomy":"category","embeddable":true,"href":"https:\/\/lenidavid.com.br\/index.php?rest_route=%2Fwp%2Fv2%2Fcategories&post=3484"},{"taxonomy":"post_tag","embeddable":true,"href":"https:\/\/lenidavid.com.br\/index.php?rest_route=%2Fwp%2Fv2%2Ftags&post=3484"}],"curies":[{"name":"wp","href":"https:\/\/api.w.org\/{rel}","templated":true}]}}