{"id":3495,"date":"2012-02-05T23:11:17","date_gmt":"2012-02-06T02:11:17","guid":{"rendered":"http:\/\/lenidavid.com.br\/?p=3495"},"modified":"2012-02-06T14:07:24","modified_gmt":"2012-02-06T17:07:24","slug":"3495","status":"publish","type":"post","link":"https:\/\/lenidavid.com.br\/?p=3495","title":{"rendered":"Clima na Bahia"},"content":{"rendered":"<p>&nbsp;<\/p>\n<p style=\"text-align: center;\"><img loading=\"lazy\" decoding=\"async\" class=\"aligncenter size-full wp-image-3497\" title=\"urututu\" src=\"http:\/\/lenidavid.com.br\/wp-content\/uploads\/2012\/02\/urututu1.jpg\" alt=\"\" width=\"540\" height=\"355\" srcset=\"https:\/\/lenidavid.com.br\/wp-content\/uploads\/2012\/02\/urututu1.jpg 540w, https:\/\/lenidavid.com.br\/wp-content\/uploads\/2012\/02\/urututu1-300x197.jpg 300w, https:\/\/lenidavid.com.br\/wp-content\/uploads\/2012\/02\/urututu1-456x300.jpg 456w\" sizes=\"auto, (max-width: 540px) 100vw, 540px\" \/><\/p>\n<h2>EXPLICA\u00c7\u00c3O:<\/h2>\n<p><img loading=\"lazy\" decoding=\"async\" class=\"aligncenter size-full wp-image-3498\" title=\"greve_wagner_cesar_borges_governos\" src=\"http:\/\/lenidavid.com.br\/wp-content\/uploads\/2012\/02\/greve_wagner_cesar_borges_governos.jpg\" alt=\"\" width=\"458\" height=\"425\" srcset=\"https:\/\/lenidavid.com.br\/wp-content\/uploads\/2012\/02\/greve_wagner_cesar_borges_governos.jpg 458w, https:\/\/lenidavid.com.br\/wp-content\/uploads\/2012\/02\/greve_wagner_cesar_borges_governos-300x278.jpg 300w, https:\/\/lenidavid.com.br\/wp-content\/uploads\/2012\/02\/greve_wagner_cesar_borges_governos-323x300.jpg 323w\" sizes=\"auto, (max-width: 458px) 100vw, 458px\" \/><\/p>\n<p><strong>\u00a0Perguntas que n\u00e3o querem calar:<\/strong><\/p>\n<p><strong>A \u00a0Bahia est\u00e1 sob interven\u00e7\u00e3o federal?<\/strong><\/p>\n<p><strong>Em vez do aparato de guerra, n\u00e3o seria mais f\u00e1cil sentar e negociar?<\/strong><\/p>\n<p><strong>Maldita intoler\u00e2ncia!<\/strong><\/p>\n<p>&nbsp;<\/p>\n<p>&nbsp;<\/p>\n","protected":false},"excerpt":{"rendered":"<p>&nbsp; EXPLICA\u00c7\u00c3O: \u00a0Perguntas que n\u00e3o querem calar: A \u00a0Bahia est\u00e1 sob interven\u00e7\u00e3o federal? Em vez do aparato de guerra, n\u00e3o seria mais f\u00e1cil sentar e negociar? Maldita intoler\u00e2ncia! &nbsp; &nbsp;<\/p>\n","protected":false},"author":1,"featured_media":0,"comment_status":"open","ping_status":"open","sticky":false,"template":"","format":"standard","meta":{"footnotes":""},"categories":[1],"tags":[349,623,130,1069,1071,1070],"class_list":["post-3495","post","type-post","status-publish","format-standard","hentry","category-uncategorized","tag-bahia","tag-charge","tag-cotidiano","tag-greve-da-pm-na-bahia","tag-jaques-wagner","tag-simanka"],"_links":{"self":[{"href":"https:\/\/lenidavid.com.br\/index.php?rest_route=\/wp\/v2\/posts\/3495","targetHints":{"allow":["GET"]}}],"collection":[{"href":"https:\/\/lenidavid.com.br\/index.php?rest_route=\/wp\/v2\/posts"}],"about":[{"href":"https:\/\/lenidavid.com.br\/index.php?rest_route=\/wp\/v2\/types\/post"}],"author":[{"embeddable":true,"href":"https:\/\/lenidavid.com.br\/index.php?rest_route=\/wp\/v2\/users\/1"}],"replies":[{"embeddable":true,"href":"https:\/\/lenidavid.com.br\/index.php?rest_route=%2Fwp%2Fv2%2Fcomments&post=3495"}],"version-history":[{"count":8,"href":"https:\/\/lenidavid.com.br\/index.php?rest_route=\/wp\/v2\/posts\/3495\/revisions"}],"predecessor-version":[{"id":3515,"href":"https:\/\/lenidavid.com.br\/index.php?rest_route=\/wp\/v2\/posts\/3495\/revisions\/3515"}],"wp:attachment":[{"href":"https:\/\/lenidavid.com.br\/index.php?rest_route=%2Fwp%2Fv2%2Fmedia&parent=3495"}],"wp:term":[{"taxonomy":"category","embeddable":true,"href":"https:\/\/lenidavid.com.br\/index.php?rest_route=%2Fwp%2Fv2%2Fcategories&post=3495"},{"taxonomy":"post_tag","embeddable":true,"href":"https:\/\/lenidavid.com.br\/index.php?rest_route=%2Fwp%2Fv2%2Ftags&post=3495"}],"curies":[{"name":"wp","href":"https:\/\/api.w.org\/{rel}","templated":true}]}}