{"id":3559,"date":"2012-02-19T12:18:25","date_gmt":"2012-02-19T15:18:25","guid":{"rendered":"http:\/\/lenidavid.com.br\/?p=3559"},"modified":"2012-02-19T13:35:12","modified_gmt":"2012-02-19T16:35:12","slug":"deus-e-o-diabo-o-frevo-carnaval-e-politica","status":"publish","type":"post","link":"https:\/\/lenidavid.com.br\/?p=3559","title":{"rendered":"Deus e o Diabo: um frevo atual\u00edssimo!"},"content":{"rendered":"<p>&nbsp;<\/p>\n<p><object width=\"420\" height=\"315\" classid=\"clsid:d27cdb6e-ae6d-11cf-96b8-444553540000\" codebase=\"http:\/\/download.macromedia.com\/pub\/shockwave\/cabs\/flash\/swflash.cab#version=6,0,40,0\"><param name=\"allowFullScreen\" value=\"true\" \/><param name=\"allowscriptaccess\" value=\"always\" \/><param name=\"src\" value=\"http:\/\/www.youtube.com\/v\/gwl6o-QJZsY?version=3&amp;hl=pt_BR&amp;rel=0\" \/><param name=\"allowfullscreen\" value=\"true\" \/><embed width=\"420\" height=\"315\" type=\"application\/x-shockwave-flash\" src=\"http:\/\/www.youtube.com\/v\/gwl6o-QJZsY?version=3&amp;hl=pt_BR&amp;rel=0\" allowFullScreen=\"true\" allowscriptaccess=\"always\" allowfullscreen=\"true\" \/><\/object><\/p>\n<p style=\"padding-left: 120px;\"><strong>Deus e o Diabo, o frevo: Carnaval e Pol\u00edtica<\/strong><\/p>\n<p style=\"text-align: justify;\">\u00a0\u00a0\u00a0\u00a0\u00a0\u00a0\u00a0\u00a0\u00a0\u00a0\u00a0\u00a0\u00a0\u00a0\u00a0\u00a0\u00a0\u00a0\u00a0\u00a0\u00a0\u00a0\u00a0\u00a0\u00a0\u00a0\u00a0\u00a0\u00a0\u00a0\u00a0\u00a0\u00a0\u00a0\u00a0\u00a0\u00a0\u00a0\u00a0\u00a0\u00a0\u00a0\u00a0\u00a0\u00a0\u00a0\u00a0\u00a0\u00a0\u00a0\u00a0\u00a0\u00a0\u00a0\u00a0\u00a0\u00a0\u00a0\u00a0\u00a0\u00a0\u00a0\u00a0\u00a0\u00a0\u00a0\u00a0 V\u00edtor Hugo Soares<\/p>\n<p style=\"text-align: justify;\">Antenado e pol\u00eamico que s\u00f3 ele, Caetano Veloso comp\u00f4s para tomar conta das ruas de Salvador, Rio de Janeiro e do Pa\u00eds, no Carnaval de 1973, um frevo chamado \u201cDeus e Diabo&#8221;.<\/p>\n<p style=\"text-align: justify;\">Canto de resist\u00eancia, atrav\u00e9s da m\u00fasica e da poesia, em tempos temer\u00e1rios \u2013 assim eram os daquela folia &#8211; mas de uma atualidade \u201cestarrecedora\u201d, para usar express\u00e3o da presidente Dilma, em visita \u00e0s obras de transposi\u00e7\u00e3o das \u00e1guas do Rio S\u00e3o Francisco, durante as greves de PMs na Bahia e no Rio de Janeiro.<\/p>\n<p style=\"text-align: justify;\">Um frevo daqueles de rachar, como \u00e9 t\u00edpico dos frevos de verdade, mas sem o tom dogm\u00e1tico e incendi\u00e1rio t\u00e3o freq\u00fcente nas cantigas de protesto daquela d\u00e9cada, de choro e ranger de dentes.<\/p>\n<p style=\"text-align: justify;\">Muitas delas, diga-se a bem da verdade, entoadas a plenos pulm\u00f5es pelo autor destas linhas nas ruas, becos e ladeiras da capital baiana em outros carnavais.<\/p>\n<p style=\"text-align: justify;\">Al\u00e9m de antenado e provocador, Caetano Veloso \u00e9 tamb\u00e9m um vision\u00e1rio. Este dom do artista \u00e9 o que mais impressiona agora quando escuto, quase 40 anos depois &#8211; agora em CD &#8211; Deus e o Diabo, gravado no disco antol\u00f3gico \u201cMuitos Carnavais\u201d, que guardo como uma de minhas preciosidades musicais preferidas.<\/p>\n<p style=\"text-align: justify;\">Escutemos com aten\u00e7\u00e3o o filho de dona Can\u00f4. Olhos e ouvidos ligados principalmente na letra, apesar da zoada ensurdecedora em explos\u00f5es de decib\u00e9is que faz l\u00e1 fora, na r\u00e1pida substitui\u00e7\u00e3o da barulheira dos helic\u00f3pteros da For\u00e7a Nacional de Seguran\u00e7a sobrevoando Salvador, em voos rasantes nos dias da greve dos policiais militares.<\/p>\n<p style=\"text-align: justify;\">Movimento t\u00e3o estranho em seu come\u00e7o quanto no final surpreendente.<\/p>\n<p style=\"text-align: justify;\">\u201cVoc\u00ea tenha ou n\u00e3o tenha medo\/ nego, nega, o carnaval chegou\/Mais cedo ou mais tarde acabo \/ de cabo a rabo com essa transa\u00e7\u00e3o de pavor\/ o carnaval \u00e9 inven\u00e7\u00e3o do diabo\/ Que Deus aben\u00e7oou\/ Deus e o Diabo no Rio de Janeiro\/ Cidade de S\u00e3o Salvador.\u201d<\/p>\n<p style=\"text-align: justify;\">Fant\u00e1stica antevis\u00e3o de Caetano neste frevo de encher as medidas. Leiam as not\u00edcias destes \u00faltimos dias nos jornais impressos, mas principalmente nos sites e blogs. Vejam as imagens na televis\u00e3o em cores e ao vivo \u2013 no hor\u00e1rios mais nobres na Band, na TVS, na Rede TV, na Globo \u2013 e confiram com seus pr\u00f3prios olhos, para depois n\u00e3o dizer que eu estou inventando.<\/p>\n<p style=\"text-align: justify;\">\u201cVoc\u00ea queira ou n\u00e3o queira, nego, nega, o carnaval chegou\u201d, canta Caetano no v\u00eddeo do You Tube que escuto enquanto batuco estas linhas, sobre os insond\u00e1veis segredos da pol\u00edtica e do extraordin\u00e1rio poder do carnaval, principalmente no eixo Rio-Bahia.<\/p>\n<p style=\"text-align: justify;\">Nos principais circuitos est\u00e1 instalada a folia de sempre, depois de andar amea\u00e7ada pelas estrat\u00e9gias do medo disseminadas nas duas pontas da corda esticada ao extremo.<\/p>\n<p style=\"text-align: justify;\">Nas ruas das duas capitais carnavalescas por excel\u00eancia e no resto do Pa\u00eds o tempo parece ter mudado da \u00e1gua para o vinho. Salvo pelos policiais que lideraram a greve, presos em Bangu 1 e na Cadeia P\u00fablica de Salvador, somado ao desassossego de seus familiares, advogados e raros pol\u00edticos que cobram informa\u00e7\u00f5es mais transparentes sobre o estranho desfecho do movimento, \u00e9 quase como se nada tivesse acontecido.<\/p>\n<p style=\"text-align: justify;\">Agora \u00e9 o que se v\u00ea e se ouve nas duas maiores folias do Pa\u00eds: por falha na estrat\u00e9gia dos PMs em greve que ocuparam a Assembl\u00e9ia Legislativa da Bahia e de l\u00e1 amea\u00e7aram acabar o carnaval em Salvador e no Rio \u2013 um erro fatal; ou talvez pelos amea\u00e7ados interesses grandiosos abrigados na organiza\u00e7\u00e3o e promo\u00e7\u00e3o da maior festa brasileira \u2013 pol\u00edticos,empresariais, culturais e governamentais.<\/p>\n<p style=\"text-align: justify;\">Tudo junto contribuiu, cada um \u00e0 sua maneira, para golpear a greve (transformada em \u201cmotim\u201d ), com incr\u00edvel efic\u00e1cia e rapidez incomum em a\u00e7\u00f5es de governo e de estado. A tempo de limpar e preparar as ruas para o carnaval de 2012 passar e transmitir imagens bem mais agrad\u00e1veis para o mundo, sobretudo aos olhos do poder.<\/p>\n<p style=\"text-align: justify;\">\u201cN\u00e3o se grile\/ a Rua Chile sempre chega pra quem quer\/ Qual \u00e9!, Qual \u00e9!, Qual \u00e9!\/ Quem pode, pode\/ Quem n\u00e3o pode vira bode\/ Foge pra Pra\u00e7a da S\u00e9.\/ Cidades Maravilhosas\/ Cheias de encantos mil\/ Cidades maravilhosas\/ dos pulm\u00f5es do meu Brasil\u201d.<\/p>\n<p style=\"text-align: justify;\">Em tempo: O governador petista Jaques Wagner passa metade do carnaval em Salvador e a outra metade no Rio de Janeiro, sua terra natal. Vai ao Samb\u00f3dromo para, ao lado do colega peemedebista S\u00e9rgio Cabral, ver o desfile da Portela e de mais duas Escolas que neste Carnaval cantam \u201cas maravilhas da Bahia\u201d.<\/p>\n<p style=\"text-align: justify;\">Os PMs e Bombeiros, depois da greve (ou motim?) cuidam da seguran\u00e7a dos foli\u00f5es e dos muitos neg\u00f3cios envolvidos na festa. At\u00e9 a presidente Dilma decidiu passar o Carnaval na Bahia.<\/p>\n<p style=\"text-align: justify;\">Na Base Naval de Aratu, \u00e9 verdade, mas t\u00e3o pr\u00f3xima dos camarotes e dos trios, que pode n\u00e3o resistir \u00e0 tenta\u00e7\u00e3o de aparecer em uma destas grandes locomotivas atuais da folia baiana. A conferir.<\/p>\n<p style=\"text-align: justify;\">Grande Caetano Veloso!<\/p>\n<p>Obs. Vitor Hugo Soares \u00e9 jornalista. E-mail: <a href=\"mailto:vito\u00adr_soares1@terra.com.br\">vito\u00adr_soares1@terra.com.br<\/a><\/p>\n<p>Fonte: Blog do Noblat<\/p>\n<p style=\"text-align: center;\"><img loading=\"lazy\" decoding=\"async\" class=\"aligncenter size-full wp-image-3561\" src=\"http:\/\/lenidavid.com.br\/wp-content\/uploads\/2012\/02\/Carnaval1.jpg\" alt=\"\" width=\"440\" height=\"409\" srcset=\"https:\/\/lenidavid.com.br\/wp-content\/uploads\/2012\/02\/Carnaval1.jpg 440w, https:\/\/lenidavid.com.br\/wp-content\/uploads\/2012\/02\/Carnaval1-300x278.jpg 300w, https:\/\/lenidavid.com.br\/wp-content\/uploads\/2012\/02\/Carnaval1-322x300.jpg 322w\" sizes=\"auto, (max-width: 440px) 100vw, 440px\" \/><\/p>\n","protected":false},"excerpt":{"rendered":"<p>&nbsp; Deus e o Diabo, o frevo: Carnaval e Pol\u00edtica \u00a0\u00a0\u00a0\u00a0\u00a0\u00a0\u00a0\u00a0\u00a0\u00a0\u00a0\u00a0\u00a0\u00a0\u00a0\u00a0\u00a0\u00a0\u00a0\u00a0\u00a0\u00a0\u00a0\u00a0\u00a0\u00a0\u00a0\u00a0\u00a0\u00a0\u00a0\u00a0\u00a0\u00a0\u00a0\u00a0\u00a0\u00a0\u00a0\u00a0\u00a0\u00a0\u00a0\u00a0\u00a0\u00a0\u00a0\u00a0\u00a0\u00a0\u00a0\u00a0\u00a0\u00a0\u00a0\u00a0\u00a0\u00a0\u00a0\u00a0\u00a0\u00a0\u00a0\u00a0\u00a0\u00a0\u00a0 V\u00edtor Hugo Soares Antenado e pol\u00eamico que s\u00f3 ele, Caetano Veloso comp\u00f4s para tomar conta das ruas de Salvador, Rio de Janeiro e do Pa\u00eds, no Carnaval de 1973, &hellip; <a href=\"https:\/\/lenidavid.com.br\/?p=3559\">Continue lendo <span class=\"meta-nav\">&rarr;<\/span><\/a><\/p>\n","protected":false},"author":1,"featured_media":0,"comment_status":"open","ping_status":"open","sticky":false,"template":"","format":"standard","meta":{"footnotes":""},"categories":[19,119],"tags":[349,563,1088,1089,1069,121,1090],"class_list":["post-3559","post","type-post","status-publish","format-standard","hentry","category-artigos","category-musica","tag-bahia","tag-carnaval","tag-deus-e-o-diabo","tag-frevo","tag-greve-da-pm-na-bahia","tag-musica-brasileira","tag-rio-de-janeiro"],"_links":{"self":[{"href":"https:\/\/lenidavid.com.br\/index.php?rest_route=\/wp\/v2\/posts\/3559","targetHints":{"allow":["GET"]}}],"collection":[{"href":"https:\/\/lenidavid.com.br\/index.php?rest_route=\/wp\/v2\/posts"}],"about":[{"href":"https:\/\/lenidavid.com.br\/index.php?rest_route=\/wp\/v2\/types\/post"}],"author":[{"embeddable":true,"href":"https:\/\/lenidavid.com.br\/index.php?rest_route=\/wp\/v2\/users\/1"}],"replies":[{"embeddable":true,"href":"https:\/\/lenidavid.com.br\/index.php?rest_route=%2Fwp%2Fv2%2Fcomments&post=3559"}],"version-history":[{"count":5,"href":"https:\/\/lenidavid.com.br\/index.php?rest_route=\/wp\/v2\/posts\/3559\/revisions"}],"predecessor-version":[{"id":3563,"href":"https:\/\/lenidavid.com.br\/index.php?rest_route=\/wp\/v2\/posts\/3559\/revisions\/3563"}],"wp:attachment":[{"href":"https:\/\/lenidavid.com.br\/index.php?rest_route=%2Fwp%2Fv2%2Fmedia&parent=3559"}],"wp:term":[{"taxonomy":"category","embeddable":true,"href":"https:\/\/lenidavid.com.br\/index.php?rest_route=%2Fwp%2Fv2%2Fcategories&post=3559"},{"taxonomy":"post_tag","embeddable":true,"href":"https:\/\/lenidavid.com.br\/index.php?rest_route=%2Fwp%2Fv2%2Ftags&post=3559"}],"curies":[{"name":"wp","href":"https:\/\/api.w.org\/{rel}","templated":true}]}}