{"id":3567,"date":"2012-02-20T16:29:14","date_gmt":"2012-02-20T19:29:14","guid":{"rendered":"http:\/\/lenidavid.com.br\/?p=3567"},"modified":"2012-02-20T16:30:57","modified_gmt":"2012-02-20T19:30:57","slug":"bahia-banda-dida-homenageia-o-reconcavo-no-campo-grande","status":"publish","type":"post","link":"https:\/\/lenidavid.com.br\/?p=3567","title":{"rendered":"Bahia &#8211; Banda Did\u00e1 homenageia o Rec\u00f4ncavo  no Campo Grande"},"content":{"rendered":"<p>&nbsp;<\/p>\n<p style=\"text-align: center;\"><img loading=\"lazy\" decoding=\"async\" class=\"aligncenter size-full wp-image-3568\" title=\"Aline Cravina - Correio da Bahia\" src=\"http:\/\/lenidavid.com.br\/wp-content\/uploads\/2012\/02\/AlineCravina-Correio_3_14.jpg\" alt=\"\" width=\"540\" height=\"340\" srcset=\"https:\/\/lenidavid.com.br\/wp-content\/uploads\/2012\/02\/AlineCravina-Correio_3_14.jpg 540w, https:\/\/lenidavid.com.br\/wp-content\/uploads\/2012\/02\/AlineCravina-Correio_3_14-300x188.jpg 300w, https:\/\/lenidavid.com.br\/wp-content\/uploads\/2012\/02\/AlineCravina-Correio_3_14-476x300.jpg 476w\" sizes=\"auto, (max-width: 540px) 100vw, 540px\" \/><\/p>\n<p style=\"padding-left: 30px;\"><strong>Baianas, crian\u00e7as, dan\u00e7arinas e percussionistas fizeram bonito no desfile<\/strong><\/p>\n<p style=\"text-align: justify;\">\u00a0Com o tema &#8220;Dona Can\u00f4 conta a hist\u00f3ria das mulheres do Rec\u00f4ncavo&#8221;, a Banda Did\u00e1 deu o som em um desfile cheio de alas na passagem pelo Campo Grande, na tarde desta segunda (20). Na comiss\u00e3o de frente da homenagem a ala das baianas lembrou as mulheres das feiras do Rec\u00f4ncavo.<\/p>\n<p style=\"text-align: center;\"><img loading=\"lazy\" decoding=\"async\" class=\"aligncenter size-full wp-image-3569\" title=\"Aline Cravina - Correio da Bahia\" src=\"http:\/\/lenidavid.com.br\/wp-content\/uploads\/2012\/02\/AlineCravina-Correio_07.jpg\" alt=\"\" width=\"540\" height=\"340\" srcset=\"https:\/\/lenidavid.com.br\/wp-content\/uploads\/2012\/02\/AlineCravina-Correio_07.jpg 540w, https:\/\/lenidavid.com.br\/wp-content\/uploads\/2012\/02\/AlineCravina-Correio_07-300x188.jpg 300w, https:\/\/lenidavid.com.br\/wp-content\/uploads\/2012\/02\/AlineCravina-Correio_07-476x300.jpg 476w\" sizes=\"auto, (max-width: 540px) 100vw, 540px\" \/><\/p>\n<p style=\"text-align: justify;\">As crian\u00e7as, devidamente fantasiadas, homenagearam o carnaval de Maragojipe. As percussionistas se vestiram para lembrar a festa da Boa Morte, enquanto as dan\u00e7arinas espalharam marisqueiras e sambistas de roda pela Avenida.<\/p>\n<p style=\"text-align: center;\"><img loading=\"lazy\" decoding=\"async\" class=\"aligncenter size-full wp-image-3570\" title=\"Aline Cravina - Correio da Bahia\" src=\"http:\/\/lenidavid.com.br\/wp-content\/uploads\/2012\/02\/AlineCravina-Correio_4_10.jpg\" alt=\"\" width=\"540\" height=\"340\" srcset=\"https:\/\/lenidavid.com.br\/wp-content\/uploads\/2012\/02\/AlineCravina-Correio_4_10.jpg 540w, https:\/\/lenidavid.com.br\/wp-content\/uploads\/2012\/02\/AlineCravina-Correio_4_10-300x188.jpg 300w, https:\/\/lenidavid.com.br\/wp-content\/uploads\/2012\/02\/AlineCravina-Correio_4_10-476x300.jpg 476w\" sizes=\"auto, (max-width: 540px) 100vw, 540px\" \/><\/p>\n<p style=\"text-align: justify;\">Fonte:<\/p>\n<p>Fonte: Correio da Bahia &#8211; Eudes Ben\u00edcio<\/p>\n<p>&nbsp;<\/p>\n","protected":false},"excerpt":{"rendered":"<p>&nbsp; Baianas, crian\u00e7as, dan\u00e7arinas e percussionistas fizeram bonito no desfile \u00a0Com o tema &#8220;Dona Can\u00f4 conta a hist\u00f3ria das mulheres do Rec\u00f4ncavo&#8221;, a Banda Did\u00e1 deu o som em um desfile cheio de alas na passagem pelo Campo Grande, na &hellip; <a href=\"https:\/\/lenidavid.com.br\/?p=3567\">Continue lendo <span class=\"meta-nav\">&rarr;<\/span><\/a><\/p>\n","protected":false},"author":1,"featured_media":0,"comment_status":"open","ping_status":"open","sticky":false,"template":"","format":"standard","meta":{"footnotes":""},"categories":[263],"tags":[349,1091,1092,563,1863,348],"class_list":["post-3567","post","type-post","status-publish","format-standard","hentry","category-festas","tag-bahia","tag-banda-dida","tag-banda-feminina","tag-carnaval","tag-festas","tag-salvador"],"_links":{"self":[{"href":"https:\/\/lenidavid.com.br\/index.php?rest_route=\/wp\/v2\/posts\/3567","targetHints":{"allow":["GET"]}}],"collection":[{"href":"https:\/\/lenidavid.com.br\/index.php?rest_route=\/wp\/v2\/posts"}],"about":[{"href":"https:\/\/lenidavid.com.br\/index.php?rest_route=\/wp\/v2\/types\/post"}],"author":[{"embeddable":true,"href":"https:\/\/lenidavid.com.br\/index.php?rest_route=\/wp\/v2\/users\/1"}],"replies":[{"embeddable":true,"href":"https:\/\/lenidavid.com.br\/index.php?rest_route=%2Fwp%2Fv2%2Fcomments&post=3567"}],"version-history":[{"count":2,"href":"https:\/\/lenidavid.com.br\/index.php?rest_route=\/wp\/v2\/posts\/3567\/revisions"}],"predecessor-version":[{"id":3572,"href":"https:\/\/lenidavid.com.br\/index.php?rest_route=\/wp\/v2\/posts\/3567\/revisions\/3572"}],"wp:attachment":[{"href":"https:\/\/lenidavid.com.br\/index.php?rest_route=%2Fwp%2Fv2%2Fmedia&parent=3567"}],"wp:term":[{"taxonomy":"category","embeddable":true,"href":"https:\/\/lenidavid.com.br\/index.php?rest_route=%2Fwp%2Fv2%2Fcategories&post=3567"},{"taxonomy":"post_tag","embeddable":true,"href":"https:\/\/lenidavid.com.br\/index.php?rest_route=%2Fwp%2Fv2%2Ftags&post=3567"}],"curies":[{"name":"wp","href":"https:\/\/api.w.org\/{rel}","templated":true}]}}