{"id":3573,"date":"2012-02-20T16:38:10","date_gmt":"2012-02-20T19:38:10","guid":{"rendered":"http:\/\/lenidavid.com.br\/?p=3573"},"modified":"2012-02-20T16:38:10","modified_gmt":"2012-02-20T19:38:10","slug":"protesto-irreverencia-e-alegria-na-comemoracao-dos-65-anos-do-bloco-mudanca-do-garcia","status":"publish","type":"post","link":"https:\/\/lenidavid.com.br\/?p=3573","title":{"rendered":"Protesto, irrever\u00eancia e alegria na comemora\u00e7\u00e3o dos 65 anos do bloco Mudan\u00e7a do Garcia"},"content":{"rendered":"<p>&nbsp;<\/p>\n<p><img loading=\"lazy\" decoding=\"async\" class=\"aligncenter size-full wp-image-3575\" title=\"Eduardo Martins - A Tarde\" src=\"http:\/\/lenidavid.com.br\/wp-content\/uploads\/2012\/02\/Eduardo-Martins-A-Tarde-255771.jpg\" alt=\"\" width=\"650\" height=\"375\" srcset=\"https:\/\/lenidavid.com.br\/wp-content\/uploads\/2012\/02\/Eduardo-Martins-A-Tarde-255771.jpg 650w, https:\/\/lenidavid.com.br\/wp-content\/uploads\/2012\/02\/Eduardo-Martins-A-Tarde-255771-300x173.jpg 300w, https:\/\/lenidavid.com.br\/wp-content\/uploads\/2012\/02\/Eduardo-Martins-A-Tarde-255771-500x288.jpg 500w\" sizes=\"auto, (max-width: 650px) 100vw, 650px\" \/><\/p>\n<p>&nbsp;<\/p>\n<p style=\"text-align: center;\"><img loading=\"lazy\" decoding=\"async\" class=\"aligncenter  wp-image-3574\" title=\"Eduardo Martins - A Tarde\" src=\"http:\/\/lenidavid.com.br\/wp-content\/uploads\/2012\/02\/Eduardo-Martins-A-Tarde-.jpg\" alt=\"\" width=\"650\" height=\"375\" srcset=\"https:\/\/lenidavid.com.br\/wp-content\/uploads\/2012\/02\/Eduardo-Martins-A-Tarde-.jpg 650w, https:\/\/lenidavid.com.br\/wp-content\/uploads\/2012\/02\/Eduardo-Martins-A-Tarde--300x173.jpg 300w, https:\/\/lenidavid.com.br\/wp-content\/uploads\/2012\/02\/Eduardo-Martins-A-Tarde--500x288.jpg 500w\" sizes=\"auto, (max-width: 650px) 100vw, 650px\" \/><\/p>\n","protected":false},"excerpt":{"rendered":"<p>&nbsp; &nbsp;<\/p>\n","protected":false},"author":1,"featured_media":0,"comment_status":"open","ping_status":"open","sticky":false,"template":"","format":"standard","meta":{"footnotes":""},"categories":[263],"tags":[564,1093,348],"class_list":["post-3573","post","type-post","status-publish","format-standard","hentry","category-festas","tag-carnaval-da-bahia","tag-mudanca-do-garcia","tag-salvador"],"_links":{"self":[{"href":"https:\/\/lenidavid.com.br\/index.php?rest_route=\/wp\/v2\/posts\/3573","targetHints":{"allow":["GET"]}}],"collection":[{"href":"https:\/\/lenidavid.com.br\/index.php?rest_route=\/wp\/v2\/posts"}],"about":[{"href":"https:\/\/lenidavid.com.br\/index.php?rest_route=\/wp\/v2\/types\/post"}],"author":[{"embeddable":true,"href":"https:\/\/lenidavid.com.br\/index.php?rest_route=\/wp\/v2\/users\/1"}],"replies":[{"embeddable":true,"href":"https:\/\/lenidavid.com.br\/index.php?rest_route=%2Fwp%2Fv2%2Fcomments&post=3573"}],"version-history":[{"count":1,"href":"https:\/\/lenidavid.com.br\/index.php?rest_route=\/wp\/v2\/posts\/3573\/revisions"}],"predecessor-version":[{"id":3576,"href":"https:\/\/lenidavid.com.br\/index.php?rest_route=\/wp\/v2\/posts\/3573\/revisions\/3576"}],"wp:attachment":[{"href":"https:\/\/lenidavid.com.br\/index.php?rest_route=%2Fwp%2Fv2%2Fmedia&parent=3573"}],"wp:term":[{"taxonomy":"category","embeddable":true,"href":"https:\/\/lenidavid.com.br\/index.php?rest_route=%2Fwp%2Fv2%2Fcategories&post=3573"},{"taxonomy":"post_tag","embeddable":true,"href":"https:\/\/lenidavid.com.br\/index.php?rest_route=%2Fwp%2Fv2%2Ftags&post=3573"}],"curies":[{"name":"wp","href":"https:\/\/api.w.org\/{rel}","templated":true}]}}