{"id":3577,"date":"2012-02-20T16:53:49","date_gmt":"2012-02-20T19:53:49","guid":{"rendered":"http:\/\/lenidavid.com.br\/?p=3577"},"modified":"2012-02-20T16:59:36","modified_gmt":"2012-02-20T19:59:36","slug":"o-afoxe-filhos-de-gandhy-comemora-63-anos-de-tradicao","status":"publish","type":"post","link":"https:\/\/lenidavid.com.br\/?p=3577","title":{"rendered":"O afox\u00e9 Filhos de Gandhy comemora 63 anos de tradi\u00e7\u00e3o"},"content":{"rendered":"<p style=\"text-align: justify;\">\n<p style=\"text-align: center;\"><img loading=\"lazy\" decoding=\"async\" class=\"aligncenter size-full wp-image-3583\" title=\"Eduardo Martins - ATarde\" src=\"http:\/\/lenidavid.com.br\/wp-content\/uploads\/2012\/02\/SsaGandhiEduardoMartinsATarde2.jpg\" alt=\"\" width=\"526\" height=\"343\" srcset=\"https:\/\/lenidavid.com.br\/wp-content\/uploads\/2012\/02\/SsaGandhiEduardoMartinsATarde2.jpg 526w, https:\/\/lenidavid.com.br\/wp-content\/uploads\/2012\/02\/SsaGandhiEduardoMartinsATarde2-300x195.jpg 300w, https:\/\/lenidavid.com.br\/wp-content\/uploads\/2012\/02\/SsaGandhiEduardoMartinsATarde2-460x300.jpg 460w\" sizes=\"auto, (max-width: 526px) 100vw, 526px\" \/><\/p>\n<p style=\"text-align: justify;\">Os Filhos de Gandhy abriram na tarde desta segunda-feira (20) o Circuito Dod\u00f4 (Barra-Ondina). Na comemora\u00e7\u00e3o dos 63 anos do mais antigo afox\u00e9 do pa\u00eds, pais e filhos cumprem a tradi\u00e7\u00e3o de integrar o tapete branco e de trocar colares entre si e com as mulheres que seguem a corda do bloco.<\/p>\n<p style=\"text-align: center;\"><a href=\"http:\/\/lenidavid.com.br\/wp-content\/uploads\/2012\/02\/Eduardo-Martins-A-Tarde-650x425_255697.jpg\"><img loading=\"lazy\" decoding=\"async\" class=\"aligncenter  wp-image-3579\" title=\"Eduardo Martins - A Tarde \" src=\"http:\/\/lenidavid.com.br\/wp-content\/uploads\/2012\/02\/Eduardo-Martins-A-Tarde-650x425_255697.jpg\" alt=\"\" width=\"614\" height=\"425\" srcset=\"https:\/\/lenidavid.com.br\/wp-content\/uploads\/2012\/02\/Eduardo-Martins-A-Tarde-650x425_255697.jpg 614w, https:\/\/lenidavid.com.br\/wp-content\/uploads\/2012\/02\/Eduardo-Martins-A-Tarde-650x425_255697-300x207.jpg 300w, https:\/\/lenidavid.com.br\/wp-content\/uploads\/2012\/02\/Eduardo-Martins-A-Tarde-650x425_255697-433x300.jpg 433w\" sizes=\"auto, (max-width: 614px) 100vw, 614px\" \/><\/a><\/p>\n<p style=\"text-align: justify;\">Tenho 30 anos de bloco e todo ano eu choro antes mesmo de come\u00e7ar. \u00c9\u00a0 uma emo\u00e7\u00e3o muito forte ver este bloco desfilar. Nao tem nada mais bonito&#8221;, diz Jos\u00e9 Amorim, 67 anos. J\u00e1 para o desginer gr\u00e1fico, Eduardo Reis, o principal \u00e9\u00a0 estar atento aos detalhes que o afox\u00e9 traz a cada ano. &#8220;Eu gosto de apreciar a dan\u00e7a dos orix\u00e1s, o pad\u00ea, de ouvir as m\u00fasicas, de curtir a energia do Gandhy,\u00a0 que uma coisa \u00fanica&#8221;, conta<\/p>\n<p style=\"text-align: justify;\">Composto s\u00f3 por homens, os Filhos de Gandhy prima pela tradi\u00e7\u00e3o. Na roupa, no perfume Alfazema, nas guias, nos turbantes e nas dan\u00e7as, por todos os lados, o\u00a0 afox\u00e9 parece hipnotizar a multid\u00e3o.<\/p>\n<p style=\"text-align: center;\"><img loading=\"lazy\" decoding=\"async\" class=\"aligncenter  wp-image-3580\" title=\"Eduardo Martins - A Tarde\" src=\"http:\/\/lenidavid.com.br\/wp-content\/uploads\/2012\/02\/Eduardo-Martins-A-Tarde-650x425_255706.jpg\" alt=\"\" width=\"614\" height=\"425\" srcset=\"https:\/\/lenidavid.com.br\/wp-content\/uploads\/2012\/02\/Eduardo-Martins-A-Tarde-650x425_255706.jpg 614w, https:\/\/lenidavid.com.br\/wp-content\/uploads\/2012\/02\/Eduardo-Martins-A-Tarde-650x425_255706-300x207.jpg 300w, https:\/\/lenidavid.com.br\/wp-content\/uploads\/2012\/02\/Eduardo-Martins-A-Tarde-650x425_255706-433x300.jpg 433w\" sizes=\"auto, (max-width: 614px) 100vw, 614px\" \/><\/p>\n<p style=\"text-align: justify;\">Com mais de seis d\u00e9cadas de exist\u00eancia e resist\u00eancia, o que n\u00e3o falta no afox\u00e9 \u00e9 o encontro de gera\u00e7\u00f5es. A tradi\u00e7\u00e3o e o amor pelo bloco vai passando de pai para filho e a fam\u00edlia inteira se envolve com o bloco. \u00c9 o caso de Xavier dos Prazeres, pai de Sindarta e av\u00f4 de Max. &#8220;Aqui \u00e9 o encontro. E nestas d\u00e9cadas que desfilo aqui venho afirmando meu amor pelos Filhos de Gandhy. Primeiro eu, depois meu filho e agora meu\u00a0 neto. S\u00e3o os nossos valores que est\u00e3o na Avenida&#8221;, finaliza.<\/p>\n<p style=\"text-align: justify;\"><img loading=\"lazy\" decoding=\"async\" title=\"Correio da Bahia\" src=\"http:\/\/lenidavid.com.br\/wp-content\/uploads\/2012\/02\/Filhos-de-Gandhi-Correio_e4886af28f_jpg.jpg\" alt=\"\" width=\"541\" height=\"406\" \/><\/p>\n<p style=\"text-align: justify;\">\n<p style=\"text-align: justify;\">Fonte: Correio da Bahia &#8211; Mayra Lopes e Gilvan Reis<\/p>\n<p>&nbsp;<\/p>\n","protected":false},"excerpt":{"rendered":"<p>Os Filhos de Gandhy abriram na tarde desta segunda-feira (20) o Circuito Dod\u00f4 (Barra-Ondina). Na comemora\u00e7\u00e3o dos 63 anos do mais antigo afox\u00e9 do pa\u00eds, pais e filhos cumprem a tradi\u00e7\u00e3o de integrar o tapete branco e de trocar colares &hellip; <a href=\"https:\/\/lenidavid.com.br\/?p=3577\">Continue lendo <span class=\"meta-nav\">&rarr;<\/span><\/a><\/p>\n","protected":false},"author":1,"featured_media":0,"comment_status":"open","ping_status":"open","sticky":false,"template":"","format":"standard","meta":{"footnotes":""},"categories":[263],"tags":[1095,349,563,1094,348],"class_list":["post-3577","post","type-post","status-publish","format-standard","hentry","category-festas","tag-afoxe","tag-bahia","tag-carnaval","tag-filhos-de-gandhy","tag-salvador"],"_links":{"self":[{"href":"https:\/\/lenidavid.com.br\/index.php?rest_route=\/wp\/v2\/posts\/3577","targetHints":{"allow":["GET"]}}],"collection":[{"href":"https:\/\/lenidavid.com.br\/index.php?rest_route=\/wp\/v2\/posts"}],"about":[{"href":"https:\/\/lenidavid.com.br\/index.php?rest_route=\/wp\/v2\/types\/post"}],"author":[{"embeddable":true,"href":"https:\/\/lenidavid.com.br\/index.php?rest_route=\/wp\/v2\/users\/1"}],"replies":[{"embeddable":true,"href":"https:\/\/lenidavid.com.br\/index.php?rest_route=%2Fwp%2Fv2%2Fcomments&post=3577"}],"version-history":[{"count":3,"href":"https:\/\/lenidavid.com.br\/index.php?rest_route=\/wp\/v2\/posts\/3577\/revisions"}],"predecessor-version":[{"id":3582,"href":"https:\/\/lenidavid.com.br\/index.php?rest_route=\/wp\/v2\/posts\/3577\/revisions\/3582"}],"wp:attachment":[{"href":"https:\/\/lenidavid.com.br\/index.php?rest_route=%2Fwp%2Fv2%2Fmedia&parent=3577"}],"wp:term":[{"taxonomy":"category","embeddable":true,"href":"https:\/\/lenidavid.com.br\/index.php?rest_route=%2Fwp%2Fv2%2Fcategories&post=3577"},{"taxonomy":"post_tag","embeddable":true,"href":"https:\/\/lenidavid.com.br\/index.php?rest_route=%2Fwp%2Fv2%2Ftags&post=3577"}],"curies":[{"name":"wp","href":"https:\/\/api.w.org\/{rel}","templated":true}]}}