{"id":3697,"date":"2012-03-29T14:45:25","date_gmt":"2012-03-29T17:45:25","guid":{"rendered":"http:\/\/lenidavid.com.br\/?p=3697"},"modified":"2012-03-29T14:45:25","modified_gmt":"2012-03-29T17:45:25","slug":"aniversario-de-salvador-463-anos","status":"publish","type":"post","link":"https:\/\/lenidavid.com.br\/?p=3697","title":{"rendered":"Anivers\u00e1rio de Salvador &#8211; 463 anos"},"content":{"rendered":"<p>&nbsp;<\/p>\n<p style=\"text-align: center;\"><img loading=\"lazy\" decoding=\"async\" class=\"aligncenter  wp-image-3698\" title=\"Pra\u00e7a da  Piedade (Salvador antiga) \" src=\"http:\/\/lenidavid.com.br\/wp-content\/uploads\/2012\/03\/SSA-Piedade-SaoBento-650x425_258255.jpg\" alt=\"\" width=\"598\" height=\"391\" srcset=\"https:\/\/lenidavid.com.br\/wp-content\/uploads\/2012\/03\/SSA-Piedade-SaoBento-650x425_258255.jpg 598w, https:\/\/lenidavid.com.br\/wp-content\/uploads\/2012\/03\/SSA-Piedade-SaoBento-650x425_258255-300x196.jpg 300w, https:\/\/lenidavid.com.br\/wp-content\/uploads\/2012\/03\/SSA-Piedade-SaoBento-650x425_258255-458x300.jpg 458w\" sizes=\"auto, (max-width: 598px) 100vw, 598px\" \/><\/p>\n<p style=\"padding-left: 90px;\"><strong>BAHIA DE TODOS OS SANTOS<\/strong><\/p>\n<p><strong>\u00a0<\/strong><\/p>\n<p style=\"padding-left: 180px;\">A Jorge de Lima<\/p>\n<p style=\"padding-left: 30px;\">Bahia, minha Bahiazinha,<\/p>\n<p style=\"padding-left: 30px;\">vou escrever hoje o teu poema, terrinha do meu cora\u00e7\u00e3o!<\/p>\n<p style=\"padding-left: 30px;\">\n<p style=\"padding-left: 30px;\">Bahia de Todos os Santos,<\/p>\n<p style=\"padding-left: 30px;\">\u00e9s u&#8217;a morena pregui\u00e7osa,<\/p>\n<p style=\"padding-left: 30px;\">certas horas, dormindo descuidada,<\/p>\n<p style=\"padding-left: 30px;\">na rede azul que o mar balan\u00e7a.<\/p>\n<p style=\"padding-left: 30px;\">\n<p style=\"padding-left: 30px;\">N\u00e3o usas, mais, morena, o pano-da-costa listrado<\/p>\n<p style=\"padding-left: 30px;\">preto e branco,<\/p>\n<p style=\"padding-left: 30px;\">vermelho e amarelo.<\/p>\n<p style=\"padding-left: 30px;\">M\u00e3e-natureza te deu um chal\u00e9 de seda fina,<\/p>\n<p style=\"padding-left: 30px;\">feito de espumas quentes e folhas verdes.<\/p>\n<p style=\"padding-left: 30px;\">\n<p style=\"padding-left: 30px;\">\u00c9s faceira,<\/p>\n<p style=\"padding-left: 30px;\">apetitosa,<\/p>\n<p style=\"padding-left: 30px;\">e dengosa,<\/p>\n<p style=\"padding-left: 30px;\">de seios t\u00famidos e pontudos como jabuticaba, verdes e enormes.<\/p>\n<p style=\"padding-left: 30px;\">Os palacetes Martins Catharino,<\/p>\n<p style=\"padding-left: 30px;\">o velho e o novo, s\u00e3o as tuas pomas encardidas<\/p>\n<p style=\"padding-left: 30px;\">que o sol morde com sensa\u00e7\u00e3o,<\/p>\n<p style=\"padding-left: 30px;\">o dia inteiro<\/p>\n<p style=\"padding-left: 30px;\">\n<p style=\"padding-left: 30px;\">Eu gosto de ti,<\/p>\n<p style=\"padding-left: 30px;\">minha Bahia, porque \u00e9s u\u00b4a morena educada,<\/p>\n<p style=\"padding-left: 30px;\">que tudo sabe e tudo faz.<\/p>\n<p style=\"padding-left: 30px;\">\n<p style=\"padding-left: 30px;\">Eu gosto de ti, quando nos matos, nos candombl\u00e9s,<\/p>\n<p style=\"padding-left: 30px;\">tu te remexes devagarinho,<\/p>\n<p style=\"padding-left: 30px;\">\n<p style=\"padding-left: 30px;\">ou ligeirinho,<\/p>\n<p style=\"padding-left: 30px;\">numa tontura,<\/p>\n<p style=\"padding-left: 30px;\">numa lux\u00faria,<\/p>\n<p style=\"padding-left: 30px;\">desesperada.<\/p>\n<p style=\"padding-left: 30px;\">\n<p style=\"padding-left: 30px;\">Eu te amo no &#8220;Baiano de T\u00eanis&#8221;,<\/p>\n<p style=\"padding-left: 30px;\">quando te imposturas pra cima da gente.<\/p>\n<p style=\"padding-left: 30px;\">\u00c9s melindrosa, neste momento,<\/p>\n<p style=\"padding-left: 30px;\">de ruge e p\u00f3 no teu rostinho<\/p>\n<p style=\"padding-left: 30px;\">estrangeirinho<\/p>\n<p style=\"padding-left: 30px;\">\u00a0\u00a0\u00a0\u00a0\u00a0\u00a0\u00a0\u00a0\u00a0\u00a0\u00a0\u00a0\u00a0\u00a0\u00a0\u00a0\u00a0 de bangal\u00f4.<\/p>\n<p style=\"padding-left: 30px;\">\n<p style=\"padding-left: 30px;\">E mais me encantas,<\/p>\n<p style=\"padding-left: 30px;\">quando te encontro<\/p>\n<p style=\"padding-left: 30px;\">l\u00e1 na cozinha,<\/p>\n<p style=\"padding-left: 30px;\">encarvoada,<\/p>\n<p style=\"padding-left: 30px;\">lambuzada<\/p>\n<p style=\"padding-left: 30px;\">de azeite doce e de dend\u00ea.<\/p>\n<p style=\"padding-left: 30px;\">\n<p style=\"padding-left: 30px;\">Bahia,<\/p>\n<p style=\"padding-left: 30px;\">o teu vatap\u00e1 gostoso<\/p>\n<p style=\"padding-left: 30px;\">est\u00e1 me parecendo, digo s\u00e9rio,<\/p>\n<p style=\"padding-left: 30px;\">um manjar do c\u00e9u. E foi provando-o<\/p>\n<p style=\"padding-left: 30px;\">que o escritor disse que a Paris s\u00f3 falta<\/p>\n<p style=\"padding-left: 30px;\">um vatap\u00e1 baiano.<\/p>\n<p style=\"padding-left: 30px;\">\n<p style=\"padding-left: 30px;\">E me ri muito, naquela noite, na &#8220;Petisqueira&#8221;,<\/p>\n<p style=\"padding-left: 30px;\">vendo um carioca almofadinha<\/p>\n<p style=\"padding-left: 30px;\">comendo<\/p>\n<p style=\"padding-left: 30px;\">e chorando com o ardor<\/p>\n<p style=\"padding-left: 30px;\">da pimenta de cheiro<\/p>\n<p style=\"padding-left: 30px;\">e da malagueta.<\/p>\n<p style=\"padding-left: 30px;\">E todo sulista quer provar,<\/p>\n<p style=\"padding-left: 30px;\">embora chorando, do teu ef\u00f3 apimentado,<\/p>\n<p style=\"padding-left: 30px;\">deste caruru que sabes fazer com sururu,<\/p>\n<p style=\"padding-left: 30px;\">e do vatap\u00e1 doirado e do acaraj\u00e9 amassado por ti.<\/p>\n<p style=\"padding-left: 30px;\">\u00a0\u00a0\u00a0\u00a0\u00a0\u00a0\u00a0\u00a0\u00a0\u00a0\u00a0\u00a0\u00a0\u00a0\u00a0 Ai! minha Bahia, que coisa gostosa \u00e9 acaraj\u00e9!&#8230;<\/p>\n<p style=\"padding-left: 30px;\">\n<p style=\"padding-left: 30px;\">\u00c9 um pomo de ouro,<\/p>\n<p style=\"padding-left: 30px;\">\u00a0\u00a0\u00a0\u00a0\u00a0\u00a0\u00a0\u00a0\u00a0 amarelinho,<\/p>\n<p style=\"padding-left: 30px;\">\u00a0\u00a0\u00a0\u00a0\u00a0\u00a0\u00a0\u00a0\u00a0 redondinho,<\/p>\n<p style=\"padding-left: 30px;\">\u00a0\u00a0\u00a0\u00a0\u00a0\u00a0\u00a0\u00a0\u00a0 delicioso,<\/p>\n<p style=\"padding-left: 30px;\">que Ogum deixou pra gente.<\/p>\n<p style=\"padding-left: 30px;\">O, acaraj\u00e9, minha gentinha,<\/p>\n<p style=\"padding-left: 30px;\">n\u00e3o tem, n\u00e3o tem aquele<\/p>\n<p style=\"padding-left: 30px;\">gosto ruim de beijo chupado<\/p>\n<p style=\"padding-left: 30px;\">que Jorge de Lima diz.<\/p>\n<p style=\"padding-left: 30px;\">Um acaraj\u00e9 tem o gosto gostoso<\/p>\n<p style=\"padding-left: 30px;\">de um l\u00e1bio pintado de menina novinha.<\/p>\n<p style=\"padding-left: 30px;\">E aquele ardor que nos fica na l\u00edngua<\/p>\n<p style=\"padding-left: 30px;\">foi a dentadinha que a menina nos deu.<\/p>\n<p style=\"padding-left: 30px;\">\n<p style=\"padding-left: 30px;\">Ai! Bahia!<\/p>\n<p style=\"padding-left: 30px;\">as tuas frutas,<\/p>\n<p style=\"padding-left: 30px;\">a laranja,<\/p>\n<p style=\"padding-left: 30px;\">o ara\u00e7\u00e1,<\/p>\n<p style=\"padding-left: 30px;\">o caju,<\/p>\n<p style=\"padding-left: 30px;\">a jabuticaba, o coco verde comido em Amaralina<\/p>\n<p style=\"padding-left: 30px;\">foi Nosso Senhor que deixou cair do c\u00e9u.<\/p>\n<p style=\"padding-left: 30px;\">\n<p style=\"padding-left: 30px;\">Bahia, Bahiazinha guerreira,<\/p>\n<p style=\"padding-left: 30px;\">morena f\u00e9rtil que tem filhas bonitas, como o Brasil de \u00c1lvaro Moreyra!<\/p>\n<p style=\"padding-left: 30px;\">Feira de Santana, (minha terra)!<\/p>\n<p style=\"padding-left: 30px;\">\u00a0\u00a0\u00a0\u00a0\u00a0\u00a0\u00a0\u00a0\u00a0\u00a0 Cachoeira,<\/p>\n<p style=\"padding-left: 30px;\">\u00a0\u00a0\u00a0\u00a0\u00a0\u00a0\u00a0\u00a0\u00a0\u00a0 terra do meu amigo<\/p>\n<p style=\"padding-left: 30px;\">\u00a0\u00a0\u00a0\u00a0\u00a0\u00a0\u00a0\u00a0\u00a0\u00a0 Cl\u00f3vis da Silveira Lima;<\/p>\n<p style=\"padding-left: 30px;\">\u00a0\u00a0\u00a0\u00a0\u00a0\u00a0\u00a0\u00a0\u00a0\u00a0\u00a0\u00a0\u00a0\u00a0\u00a0\u00a0\u00a0\u00a0\u00a0\u00a0\u00a0\u00a0\u00a0\u00a0\u00a0 Santo Amaro<\/p>\n<p style=\"padding-left: 30px;\">\u00a0\u00a0\u00a0\u00a0\u00a0\u00a0\u00a0\u00a0\u00a0\u00a0\u00a0\u00a0\u00a0\u00a0\u00a0 \u00a0\u00a0\u00a0\u00a0\u00a0\u00a0\u00a0\u00a0\u00a0\u00a0que faz lembrar<\/p>\n<p style=\"padding-left: 30px;\">\u00a0\u00a0\u00a0\u00a0\u00a0\u00a0\u00a0\u00a0\u00a0\u00a0\u00a0\u00a0\u00a0\u00a0\u00a0\u00a0\u00a0\u00a0\u00a0\u00a0\u00a0\u00a0\u00a0\u00a0\u00a0 os n\u00e3o sei quantos filhos<\/p>\n<p style=\"padding-left: 30px;\">\u00a0\u00a0\u00a0\u00a0\u00a0\u00a0\u00a0\u00a0\u00a0\u00a0\u00a0\u00a0\u00a0\u00a0\u00a0\u00a0\u00a0\u00a0\u00a0\u00a0\u00a0\u00a0\u00a0\u00a0\u00a0 que deixou aquele bar\u00e3o;<\/p>\n<p style=\"padding-left: 30px;\">\u00a0\u00a0\u00a0\u00a0\u00a0\u00a0\u00a0\u00a0\u00a0\u00a0\u00a0\u00a0\u00a0\u00a0\u00a0\u00a0\u00a0\u00a0\u00a0\u00a0\u00a0\u00a0\u00a0\u00a0\u00a0\u00a0\u00a0\u00a0\u00a0\u00a0\u00a0\u00a0\u00a0\u00a0\u00a0\u00a0\u00a0\u00a0\u00a0\u00a0\u00a0 Alagoinhas,<\/p>\n<p style=\"padding-left: 30px;\">\u00a0\u00a0\u00a0\u00a0\u00a0\u00a0\u00a0\u00a0\u00a0\u00a0\u00a0\u00a0\u00a0\u00a0\u00a0\u00a0\u00a0\u00a0\u00a0\u00a0\u00a0\u00a0\u00a0\u00a0\u00a0\u00a0\u00a0\u00a0\u00a0\u00a0\u00a0\u00a0\u00a0\u00a0\u00a0\u00a0\u00a0\u00a0\u00a0\u00a0\u00a0 onde mora o velho poeta Assis Tavares;<\/p>\n<p style=\"padding-left: 30px;\">\u00a0\u00a0\u00a0\u00a0\u00a0\u00a0\u00a0\u00a0\u00a0\u00a0\u00a0\u00a0\u00a0\u00a0\u00a0\u00a0\u00a0\u00a0\u00a0\u00a0\u00a0\u00a0\u00a0\u00a0\u00a0\u00a0\u00a0\u00a0\u00a0\u00a0\u00a0\u00a0\u00a0\u00a0\u00a0\u00a0\u00a0\u00a0\u00a0\u00a0\u00a0 Ilh\u00e9us,<\/p>\n<p style=\"padding-left: 30px;\">\u00a0\u00a0\u00a0\u00a0\u00a0\u00a0\u00a0\u00a0\u00a0 a menina orgulhosa e rica e vaidosa<\/p>\n<p style=\"padding-left: 30px;\">\u00a0\u00a0\u00a0\u00a0\u00a0\u00a0\u00a0\u00a0\u00a0 que s\u00f3 tem vestido de seda radium,<\/p>\n<p style=\"padding-left: 30px;\">\u00a0\u00a0\u00a0\u00a0\u00a0\u00a0\u00a0\u00a0\u00a0 enfeitado de madrep\u00e9rola e lantejoila,<\/p>\n<p style=\"padding-left: 30px;\">\u00a0\u00a0\u00a0\u00a0\u00a0\u00a0\u00a0\u00a0\u00a0\u00a0\u00a0\u00a0\u00a0\u00a0\u00a0\u00a0\u00a0\u00a0\u00a0 e arminho,<\/p>\n<p style=\"padding-left: 30px;\">comprado \u00e0s custas dos seus caxixes! &#8230;<\/p>\n<p style=\"padding-left: 30px;\">\n<p style=\"padding-left: 30px;\">Bahia!<\/p>\n<p style=\"padding-left: 30px;\">L\u00e1 o sino tocou:<\/p>\n<p style=\"padding-left: 30px;\">\u00e9 a Bahia que vai rezar<\/p>\n<p style=\"padding-left: 30px;\">l\u00e1 na S\u00e9,<\/p>\n<p style=\"padding-left: 30px;\">na Catedral-Basilica,<\/p>\n<p style=\"padding-left: 30px;\">em S\u00e3o Francisco<\/p>\n<p style=\"padding-left: 30px;\">e no Bonfim.<\/p>\n<p style=\"padding-left: 30px;\">E o convento da Piedade<\/p>\n<p style=\"padding-left: 30px;\">e o de S\u00e3o Bento<\/p>\n<p style=\"padding-left: 30px;\">s\u00e3o dois frades rezando,<\/p>\n<p style=\"padding-left: 30px;\">com o capuz \u00e0s costas.<\/p>\n<p style=\"padding-left: 30px;\">\n<p style=\"padding-left: 30px;\">&#8220;Dlind\u00e3o!&#8230; dl\u00e3o!&#8230;<\/p>\n<p style=\"padding-left: 30px;\">dilindl\u00e3o! dilindl\u00e3o!&#8230;&#8221;<\/p>\n<p style=\"padding-left: 30px;\">\n<p style=\"padding-left: 30px;\">A Bahia \u00e9 religiosa,<\/p>\n<p style=\"padding-left: 30px;\">\u00a0\u00a0\u00a0\u00a0 ela cr\u00ea em Nosso Senhor.<\/p>\n<p style=\"padding-left: 30px;\">\u00a0\u00a0\u00a0\u00a0\u00a0\u00a0\u00a0\u00a0\u00a0 Ela n\u00e3o tem inveja da Fran\u00e7a,<\/p>\n<p style=\"padding-left: 30px;\">\u00a0\u00a0\u00a0\u00a0\u00a0\u00a0\u00a0\u00a0\u00a0\u00a0\u00a0\u00a0\u00a0\u00a0\u00a0 porque tem Nossa Senhora das Candeias,<\/p>\n<p style=\"padding-left: 30px;\">\u00a0\u00a0\u00a0\u00a0\u00a0\u00a0\u00a0\u00a0\u00a0\u00a0\u00a0\u00a0\u00a0\u00a0\u00a0\u00a0\u00a0\u00a0\u00a0\u00a0\u00a0\u00a0 que apareceu a u&#8217;a menina<\/p>\n<p style=\"padding-left: 30px;\">\u00a0\u00a0\u00a0\u00a0\u00a0\u00a0\u00a0\u00a0\u00a0\u00a0\u00a0\u00a0 \u00a0\u00a0\u00a0\u00a0\u00a0\u00a0\u00a0\u00a0\u00a0\u00a0\u00a0\u00a0\u00a0\u00a0\u00a0\u00a0\u00a0\u00a0\u00a0\u00a0da ro\u00e7a.<\/p>\n<p style=\"padding-left: 30px;\">\n<p style=\"padding-left: 30px;\">\u00a0\u00a0\u00a0\u00a0\u00a0\u00a0\u00a0\u00a0\u00a0\u00a0\u00a0\u00a0\u00a0\u00a0\u00a0\u00a0\u00a0\u00a0\u00a0\u00a0\u00a0\u00a0\u00a0\u00a0\u00a0\u00a0\u00a0\u00a0\u00a0\u00a0\u00a0\u00a0\u00a0\u00a0\u00a0\u00a0\u00a0\u00a0\u00a0\u00a0\u00a0\u00a0\u00a0\u00a0\u00a0\u00a0\u00a0\u00a0\u00a0\u00a0\u00a0\u00a0\u00a0\u00a0\u00a0\u00a0\u00a0\u00a0 Bahia!<\/p>\n<p style=\"padding-left: 30px;\">Estou ouvindo a m\u00fasica dos teus benditos alegres,<\/p>\n<p style=\"padding-left: 30px;\">nas romarias que fazes \u00e0s Candeias,<\/p>\n<p style=\"padding-left: 30px;\">\u00a0\u00a0\u00a0\u00a0\u00a0\u00a0\u00a0\u00a0\u00a0\u00a0\u00a0\u00a0\u00a0\u00a0\u00a0\u00a0\u00a0\u00a0\u00a0 pelo rio<\/p>\n<p style=\"padding-left: 30px;\">\u00a0\u00a0\u00a0\u00a0\u00a0\u00a0\u00a0\u00a0\u00a0\u00a0\u00a0\u00a0\u00a0\u00a0\u00a0\u00a0\u00a0\u00a0\u00a0 e pelo mar.<\/p>\n<p style=\"padding-left: 30px;\">Estou vendo a ponte de S\u00e3o Jo\u00e3o,<\/p>\n<p style=\"padding-left: 30px;\">que parece um bra\u00e7o magro de mulher velha e pelancuda,<\/p>\n<p style=\"padding-left: 30px;\">fazendo car\u00edcia ao mar,<\/p>\n<p style=\"padding-left: 30px;\">se balan\u00e7ando com o peso dos trens<\/p>\n<p style=\"padding-left: 30px;\">\u00a0\u00a0\u00a0\u00a0\u00a0\u00a0\u00a0\u00a0\u00a0\u00a0\u00a0\u00a0\u00a0\u00a0\u00a0\u00a0\u00a0\u00a0 que v\u00e3o levar<\/p>\n<p style=\"padding-left: 30px;\">\u00a0\u00a0\u00a0\u00a0\u00a0\u00a0\u00a0\u00a0\u00a0\u00a0\u00a0\u00a0\u00a0\u00a0\u00a0\u00a0\u00a0\u00a0 os romeiros<\/p>\n<p style=\"padding-left: 30px;\">\u00a0\u00a0\u00a0\u00a0\u00a0\u00a0\u00a0\u00a0\u00a0\u00a0\u00a0\u00a0\u00a0\u00a0\u00a0\u00a0\u00a0\u00a0 aos p\u00e9s da Virgem<\/p>\n<p style=\"padding-left: 30px;\">\u00a0 \u00a0\u00a0\u00a0\u00a0\u00a0\u00a0\u00a0\u00a0\u00a0\u00a0\u00a0\u00a0\u00a0\u00a0\u00a0\u00a0\u00a0M\u00e3e<\/p>\n<p style=\"padding-left: 30px;\">\u00a0\u00a0\u00a0\u00a0\u00a0\u00a0\u00a0\u00a0\u00a0\u00a0\u00a0\u00a0\u00a0\u00a0\u00a0\u00a0\u00a0\u00a0\u00a0\u00a0\u00a0\u00a0\u00a0\u00a0\u00a0\u00a0\u00a0 de Deus.<\/p>\n<p style=\"padding-left: 30px;\">\n<p style=\"padding-left: 30px;\">Me perdoa, minha Bahia,<\/p>\n<p style=\"padding-left: 30px;\">o mal que te fiz,<\/p>\n<p style=\"padding-left: 30px;\">fazendo mal o teu poema.<\/p>\n<p>&nbsp;<\/p>\n<p>Publicado em Arco e Flexa, Salvador. I: 42-46, novembro de 1929.<\/p>\n<p style=\"text-align: center;\">\u00a0<img loading=\"lazy\" decoding=\"async\" class=\"aligncenter  wp-image-3699\" title=\"PalacioTom\u00e9 de Souza\" src=\"http:\/\/lenidavid.com.br\/wp-content\/uploads\/2012\/03\/SSA-PalacioTomeDeSouza-650x425_258254.jpg\" alt=\"\" width=\"650\" height=\"425\" srcset=\"https:\/\/lenidavid.com.br\/wp-content\/uploads\/2012\/03\/SSA-PalacioTomeDeSouza-650x425_258254.jpg 650w, https:\/\/lenidavid.com.br\/wp-content\/uploads\/2012\/03\/SSA-PalacioTomeDeSouza-650x425_258254-300x196.jpg 300w, https:\/\/lenidavid.com.br\/wp-content\/uploads\/2012\/03\/SSA-PalacioTomeDeSouza-650x425_258254-458x300.jpg 458w\" sizes=\"auto, (max-width: 650px) 100vw, 650px\" \/><\/p>\n<p>Eurico Alves Boaventura<\/p>\n<p style=\"text-align: justify;\">\u201cO poeta baiano Eurico Alves Boaventura, nascido em 1909 na cidade Feira de Santana, faleceu aos 65 anos (1974) em Salvador. Rebelde participante da turma de Arco e Flexa, revista que congregou de 1928 a 1929, em Salvador, jovens escritores desejosos de acompanhar as transforma\u00e7\u00f5es da vida liter\u00e1ria no Brasil. O grupo liderado por Carlos Chiacchio, escritor de ra\u00edzes simbolistas, reunia al\u00e9m de Eurico Alves Boaventura, os escritores Pinto de Aguiar, Carvalho Filho, H\u00e9lio Sim\u00f5es, Ramayana Chevalier, De Cavalcante Freitas, Queir\u00f3s Jr. Da \u00e9poca agitada e alegre do Modernismo Arco e Flexa s\u00e3o datados os poemas de Eurico Alves.<\/p>\n<p style=\"text-align: center;\"><img loading=\"lazy\" decoding=\"async\" class=\"aligncenter  wp-image-3700\" title=\"Rampa do Mercado 1950\" src=\"http:\/\/lenidavid.com.br\/wp-content\/uploads\/2012\/03\/SSARampa1950-1024x765.jpg\" alt=\"\" width=\"584\" height=\"436\" srcset=\"https:\/\/lenidavid.com.br\/wp-content\/uploads\/2012\/03\/SSARampa1950-1024x765.jpg 1024w, https:\/\/lenidavid.com.br\/wp-content\/uploads\/2012\/03\/SSARampa1950-300x224.jpg 300w, https:\/\/lenidavid.com.br\/wp-content\/uploads\/2012\/03\/SSARampa1950-401x300.jpg 401w, https:\/\/lenidavid.com.br\/wp-content\/uploads\/2012\/03\/SSARampa1950.jpg 1485w\" sizes=\"auto, (max-width: 584px) 100vw, 584px\" \/><\/p>\n","protected":false},"excerpt":{"rendered":"<p>&nbsp; BAHIA DE TODOS OS SANTOS \u00a0 A Jorge de Lima Bahia, minha Bahiazinha, vou escrever hoje o teu poema, terrinha do meu cora\u00e7\u00e3o! Bahia de Todos os Santos, \u00e9s u&#8217;a morena pregui\u00e7osa, certas horas, dormindo descuidada, na rede azul &hellip; <a href=\"https:\/\/lenidavid.com.br\/?p=3697\">Continue lendo <span class=\"meta-nav\">&rarr;<\/span><\/a><\/p>\n","protected":false},"author":1,"featured_media":0,"comment_status":"open","ping_status":"open","sticky":false,"template":"","format":"standard","meta":{"footnotes":""},"categories":[18,14],"tags":[1133,349,1135,1134],"class_list":["post-3697","post","type-post","status-publish","format-standard","hentry","category-coisas-da-bahia","category-poemas-e-poetas","tag-aniversario-da-cidade-de-salvador","tag-bahia","tag-bahia-de-todos-os-santos","tag-eurico-alves-boaventura"],"_links":{"self":[{"href":"https:\/\/lenidavid.com.br\/index.php?rest_route=\/wp\/v2\/posts\/3697","targetHints":{"allow":["GET"]}}],"collection":[{"href":"https:\/\/lenidavid.com.br\/index.php?rest_route=\/wp\/v2\/posts"}],"about":[{"href":"https:\/\/lenidavid.com.br\/index.php?rest_route=\/wp\/v2\/types\/post"}],"author":[{"embeddable":true,"href":"https:\/\/lenidavid.com.br\/index.php?rest_route=\/wp\/v2\/users\/1"}],"replies":[{"embeddable":true,"href":"https:\/\/lenidavid.com.br\/index.php?rest_route=%2Fwp%2Fv2%2Fcomments&post=3697"}],"version-history":[{"count":1,"href":"https:\/\/lenidavid.com.br\/index.php?rest_route=\/wp\/v2\/posts\/3697\/revisions"}],"predecessor-version":[{"id":3701,"href":"https:\/\/lenidavid.com.br\/index.php?rest_route=\/wp\/v2\/posts\/3697\/revisions\/3701"}],"wp:attachment":[{"href":"https:\/\/lenidavid.com.br\/index.php?rest_route=%2Fwp%2Fv2%2Fmedia&parent=3697"}],"wp:term":[{"taxonomy":"category","embeddable":true,"href":"https:\/\/lenidavid.com.br\/index.php?rest_route=%2Fwp%2Fv2%2Fcategories&post=3697"},{"taxonomy":"post_tag","embeddable":true,"href":"https:\/\/lenidavid.com.br\/index.php?rest_route=%2Fwp%2Fv2%2Ftags&post=3697"}],"curies":[{"name":"wp","href":"https:\/\/api.w.org\/{rel}","templated":true}]}}