{"id":3729,"date":"2012-04-10T16:31:18","date_gmt":"2012-04-10T19:31:18","guid":{"rendered":"http:\/\/lenidavid.com.br\/?p=3729"},"modified":"2012-04-10T16:31:18","modified_gmt":"2012-04-10T19:31:18","slug":"palestra-debate-importancia-da-obra-da-historiadora-katia-mattoso","status":"publish","type":"post","link":"https:\/\/lenidavid.com.br\/?p=3729","title":{"rendered":"Palestra debate import\u00e2ncia da obra da historiadora Katia Mattoso"},"content":{"rendered":"<p style=\"text-align: justify;\">\n<p style=\"text-align: justify;\">Na pr\u00f3xima ter\u00e7a-feira, dia 10, \u00e0s 17h, no Audit\u00f3rio Katia Mattoso da Biblioteca P\u00fablica do Estado da Bahia, acontece o projeto Mem\u00f3rias Hist\u00f3ricas da Bahia: Confer\u00eancia em homenagem a historiadora e pesquisadora Katia Mattoso. A confer\u00eancia ser\u00e1 realizada pelo pesquisador Denis Crouzet, professor da Universidade Sorbonne, (Fran\u00e7a &#8211; Paris) que abordar\u00e1 o tema \u201cO imagin\u00e1rio na hist\u00f3ria\u201d.<\/p>\n<p style=\"text-align: justify;\">A palestra tem como pretens\u00e3o estimular o interc\u00e2mbio acad\u00eamico entre estudantes e pesquisadores nacionais e internacionais. O evento \u00e9 promovido pela Funda\u00e7\u00e3o Pedro Calmon e o Programa de P\u00f3s Gradua\u00e7\u00e3o em Hist\u00f3ria da Faculdade de Filosofia e Ci\u00eancias Humanas da Universidade Federal da Bahia (UFBA).<\/p>\n<p style=\"text-align: justify;\">K\u00e1tia Mattoso \u2013 A historiadora contribuiu na forma\u00e7\u00e3o de dezenas de jovens pesquisadores, alguns dos quais atualmente s\u00e3o professores de renome nacional e internacional. Al\u00e9m disso, seus trabalhos resultaram na cria\u00e7\u00e3o de uma cadeira de hist\u00f3ria do Brasil na renomada\u00a0 Universidade de Paris IV \u2013 Sorbonne. A historiadora Katia Mattoso faleceu no dia 11 de janeiro de 2011. No dia 8 de abril, ela completaria 80 anos.<\/p>\n<p>&nbsp;<\/p>\n<p>SERVI\u00c7O:<\/p>\n<p>O QU\u00ca \u2013 Palestra de Denis Crouzet \u2013 \u201cO imagin\u00e1rio na hist\u00f3ria\u201d<\/p>\n<p>QUANDO \u2013 Ter\u00e7a-feira, dia 10 de abril, \u00e0s 17h<\/p>\n<p>Onde &#8211; Audit\u00f3rio Katia Mattoso, da Biblioteca P\u00fablica do Estado da Bahia<\/p>\n<p>&nbsp;<\/p>\n<p>Assessoria de Comunica\u00e7\u00e3o<\/p>\n<p>Funda\u00e7\u00e3o Pedro Calmon| Secult.BA<\/p>\n<p>Tels: (71) 3116-6918 \/ 6919<\/p>\n<p><a href=\"http:\/\/www.fpc.ba.gov.br\">www.fpc.ba.gov.br<\/a><\/p>\n<p>&nbsp;<\/p>\n","protected":false},"excerpt":{"rendered":"<p>Na pr\u00f3xima ter\u00e7a-feira, dia 10, \u00e0s 17h, no Audit\u00f3rio Katia Mattoso da Biblioteca P\u00fablica do Estado da Bahia, acontece o projeto Mem\u00f3rias Hist\u00f3ricas da Bahia: Confer\u00eancia em homenagem a historiadora e pesquisadora Katia Mattoso. A confer\u00eancia ser\u00e1 realizada pelo pesquisador &hellip; <a href=\"https:\/\/lenidavid.com.br\/?p=3729\">Continue lendo <span class=\"meta-nav\">&rarr;<\/span><\/a><\/p>\n","protected":false},"author":1,"featured_media":0,"comment_status":"open","ping_status":"open","sticky":false,"template":"","format":"standard","meta":{"footnotes":""},"categories":[1],"tags":[349,1146,1148,1145,1147],"class_list":["post-3729","post","type-post","status-publish","format-standard","hentry","category-uncategorized","tag-bahia","tag-denis-crouzet","tag-fundacao-pedro-calmon","tag-katia-mattoso","tag-projeto-memorias-historicas-da-bahia"],"_links":{"self":[{"href":"https:\/\/lenidavid.com.br\/index.php?rest_route=\/wp\/v2\/posts\/3729","targetHints":{"allow":["GET"]}}],"collection":[{"href":"https:\/\/lenidavid.com.br\/index.php?rest_route=\/wp\/v2\/posts"}],"about":[{"href":"https:\/\/lenidavid.com.br\/index.php?rest_route=\/wp\/v2\/types\/post"}],"author":[{"embeddable":true,"href":"https:\/\/lenidavid.com.br\/index.php?rest_route=\/wp\/v2\/users\/1"}],"replies":[{"embeddable":true,"href":"https:\/\/lenidavid.com.br\/index.php?rest_route=%2Fwp%2Fv2%2Fcomments&post=3729"}],"version-history":[{"count":1,"href":"https:\/\/lenidavid.com.br\/index.php?rest_route=\/wp\/v2\/posts\/3729\/revisions"}],"predecessor-version":[{"id":3730,"href":"https:\/\/lenidavid.com.br\/index.php?rest_route=\/wp\/v2\/posts\/3729\/revisions\/3730"}],"wp:attachment":[{"href":"https:\/\/lenidavid.com.br\/index.php?rest_route=%2Fwp%2Fv2%2Fmedia&parent=3729"}],"wp:term":[{"taxonomy":"category","embeddable":true,"href":"https:\/\/lenidavid.com.br\/index.php?rest_route=%2Fwp%2Fv2%2Fcategories&post=3729"},{"taxonomy":"post_tag","embeddable":true,"href":"https:\/\/lenidavid.com.br\/index.php?rest_route=%2Fwp%2Fv2%2Ftags&post=3729"}],"curies":[{"name":"wp","href":"https:\/\/api.w.org\/{rel}","templated":true}]}}