{"id":3802,"date":"2012-05-04T18:04:52","date_gmt":"2012-05-04T21:04:52","guid":{"rendered":"http:\/\/lenidavid.com.br\/?p=3802"},"modified":"2012-06-14T16:34:45","modified_gmt":"2012-06-14T19:34:45","slug":"seca-na-bahia","status":"publish","type":"post","link":"https:\/\/lenidavid.com.br\/?p=3802","title":{"rendered":"Seca na Bahia"},"content":{"rendered":"<p>&nbsp;<\/p>\n<p><img loading=\"lazy\" decoding=\"async\" class=\"aligncenter size-full wp-image-3803\" title=\"Imagem capturada da internet\" src=\"http:\/\/lenidavid.com.br\/wp-content\/uploads\/2012\/05\/Seca-IMAGEM_NOTICIA_5.jpg\" alt=\"\" width=\"486\" height=\"358\" srcset=\"https:\/\/lenidavid.com.br\/wp-content\/uploads\/2012\/05\/Seca-IMAGEM_NOTICIA_5.jpg 486w, https:\/\/lenidavid.com.br\/wp-content\/uploads\/2012\/05\/Seca-IMAGEM_NOTICIA_5-300x220.jpg 300w, https:\/\/lenidavid.com.br\/wp-content\/uploads\/2012\/05\/Seca-IMAGEM_NOTICIA_5-407x300.jpg 407w\" sizes=\"auto, (max-width: 486px) 100vw, 486px\" \/><\/p>\n<p style=\"text-align: justify;\">O Nordeste \u00e9 estigmatizado pela seca, pela pobreza e pela imigra\u00e7\u00e3o. O ver\u00e3o foi quente e seco e as trovoadas, t\u00e3o esperadas nessa \u00e9poca, n\u00e3o aconteceram. Em consequ\u00eancia, os\u00a0 leitos dos rios e riachos est\u00e3o secos e mesmo quando ainda resta um pouco d\u2019\u00e1gua deixam aparecer a terra esturricada e rachada.<\/p>\n<p style=\"text-align: justify;\">Os animais com sede e fome definham at\u00e9 morrer; os homens, entre desolados e tristes esperam resignados pela ajuda divina, pois os milh\u00f5es prometidos pelos governantes n\u00e3o chegam at\u00e9 eles devido \u00e0 burocracia e ao descaso. A falta de chuva e as lavouras perdidas os impedem at\u00e9 de comer, pois as \u00e1rvores frut\u00edferas n\u00e3o produzem e o feij\u00e3o que mata a fome n\u00e3o vingou e est\u00e1 custando caro nos supermercados.<\/p>\n<p style=\"text-align: justify;\">H\u00e1 cerca de quatro meses eram cerca de 150 munic\u00edpios baianos v\u00edtimas da estiagem; hoje s\u00e3o mais de 200 em estado de emerg\u00eancia. No entanto, nas propagandas oficiais a \u201c\u00e1gua para todos\u201d jorra nas profundezas do sert\u00e3o. N\u00e3o \u00e9 o que mostra a realidade.<\/p>\n<p style=\"text-align: justify;\">Hoje encontrei uma c\u00f3pia de um poema, quase desconhecido, que transcrevo abaixo, escrito pela poeta feirense Georgina Erismann, na primeira metade do s\u00e9culo XX. Ele continua atual:<\/p>\n<p style=\"padding-left: 60px;\" align=\"left\"><strong>Inclem\u00eancia<\/strong><\/p>\n<p style=\"padding-left: 90px;\" align=\"left\"><em>Georgina Erismann<\/em><em><\/em><\/p>\n<p style=\"padding-left: 30px;\" align=\"left\">O cora\u00e7\u00e3o da terra anda chorando<\/p>\n<p style=\"padding-left: 30px;\" align=\"left\">Com saudades da chuva&#8230;<\/p>\n<p style=\"padding-left: 30px;\" align=\"left\">Por mais que o c\u00e9u prometa<\/p>\n<p style=\"padding-left: 30px;\" align=\"left\">dos olhos das estrelas<\/p>\n<p style=\"padding-left: 30px;\" align=\"left\">as l\u00e1grimas n\u00e3o caem&#8230;<\/p>\n<p style=\"padding-left: 30px;\" align=\"left\">O sol devora tudo.<\/p>\n<p style=\"padding-left: 30px;\" align=\"left\">Tornou-se cor de bronze,<\/p>\n<p style=\"padding-left: 30px;\" align=\"left\">a mata, que era verde.<\/p>\n<p style=\"padding-left: 30px;\" align=\"left\">Calaram-se todas as fontes&#8230;<\/p>\n<p style=\"padding-left: 30px;\" align=\"left\">Morreram os passarinhos&#8230;<\/p>\n<p style=\"padding-left: 30px;\" align=\"left\">H\u00e1 fome pelas estradas.<\/p>\n<p style=\"padding-left: 30px;\" align=\"left\">H\u00e1 sede pelos caminhos.<\/p>\n<p style=\"padding-left: 30px;\" align=\"left\">\n<p><object width=\"420\" height=\"315\" classid=\"clsid:d27cdb6e-ae6d-11cf-96b8-444553540000\" codebase=\"http:\/\/download.macromedia.com\/pub\/shockwave\/cabs\/flash\/swflash.cab#version=6,0,40,0\"><param name=\"allowFullScreen\" value=\"true\" \/><param name=\"allowscriptaccess\" value=\"always\" \/><param name=\"src\" value=\"http:\/\/www.youtube.com\/v\/BsdeMHI4CJY?version=3&amp;hl=pt_BR&amp;rel=0\" \/><param name=\"allowfullscreen\" value=\"true\" \/><embed width=\"420\" height=\"315\" type=\"application\/x-shockwave-flash\" src=\"http:\/\/www.youtube.com\/v\/BsdeMHI4CJY?version=3&amp;hl=pt_BR&amp;rel=0\" allowFullScreen=\"true\" allowscriptaccess=\"always\" allowfullscreen=\"true\" \/><\/object><\/p>\n<p style=\"padding-left: 30px;\">Mat\u00e9ria sobre a seca (02\/04\/2012) no Jornal Nacional.<\/p>\n<p>&nbsp;<\/p>\n","protected":false},"excerpt":{"rendered":"<p>&nbsp; O Nordeste \u00e9 estigmatizado pela seca, pela pobreza e pela imigra\u00e7\u00e3o. O ver\u00e3o foi quente e seco e as trovoadas, t\u00e3o esperadas nessa \u00e9poca, n\u00e3o aconteceram. Em consequ\u00eancia, os\u00a0 leitos dos rios e riachos est\u00e3o secos e mesmo quando &hellip; <a href=\"https:\/\/lenidavid.com.br\/?p=3802\">Continue lendo <span class=\"meta-nav\">&rarr;<\/span><\/a><\/p>\n","protected":false},"author":1,"featured_media":0,"comment_status":"open","ping_status":"open","sticky":false,"template":"","format":"standard","meta":{"footnotes":""},"categories":[17,138],"tags":[349,1175,1176,1178,1177],"class_list":["post-3802","post","type-post","status-publish","format-standard","hentry","category-feira-de-santana","category-utilidade-publica","tag-bahia","tag-georgina-erisman","tag-inclemencia","tag-seca-na-bahia","tag-seca-no-nordeste"],"_links":{"self":[{"href":"https:\/\/lenidavid.com.br\/index.php?rest_route=\/wp\/v2\/posts\/3802","targetHints":{"allow":["GET"]}}],"collection":[{"href":"https:\/\/lenidavid.com.br\/index.php?rest_route=\/wp\/v2\/posts"}],"about":[{"href":"https:\/\/lenidavid.com.br\/index.php?rest_route=\/wp\/v2\/types\/post"}],"author":[{"embeddable":true,"href":"https:\/\/lenidavid.com.br\/index.php?rest_route=\/wp\/v2\/users\/1"}],"replies":[{"embeddable":true,"href":"https:\/\/lenidavid.com.br\/index.php?rest_route=%2Fwp%2Fv2%2Fcomments&post=3802"}],"version-history":[{"count":5,"href":"https:\/\/lenidavid.com.br\/index.php?rest_route=\/wp\/v2\/posts\/3802\/revisions"}],"predecessor-version":[{"id":3945,"href":"https:\/\/lenidavid.com.br\/index.php?rest_route=\/wp\/v2\/posts\/3802\/revisions\/3945"}],"wp:attachment":[{"href":"https:\/\/lenidavid.com.br\/index.php?rest_route=%2Fwp%2Fv2%2Fmedia&parent=3802"}],"wp:term":[{"taxonomy":"category","embeddable":true,"href":"https:\/\/lenidavid.com.br\/index.php?rest_route=%2Fwp%2Fv2%2Fcategories&post=3802"},{"taxonomy":"post_tag","embeddable":true,"href":"https:\/\/lenidavid.com.br\/index.php?rest_route=%2Fwp%2Fv2%2Ftags&post=3802"}],"curies":[{"name":"wp","href":"https:\/\/api.w.org\/{rel}","templated":true}]}}