{"id":3848,"date":"2012-05-20T18:16:39","date_gmt":"2012-05-20T21:16:39","guid":{"rendered":"http:\/\/lenidavid.com.br\/?p=3848"},"modified":"2012-05-20T18:16:39","modified_gmt":"2012-05-20T21:16:39","slug":"atualidades","status":"publish","type":"post","link":"https:\/\/lenidavid.com.br\/?p=3848","title":{"rendered":"Atualidades"},"content":{"rendered":"<p style=\"text-align: justify;\">\n<p style=\"text-align: center;\"><img loading=\"lazy\" decoding=\"async\" class=\"aligncenter size-full wp-image-3849\" title=\"Bebel Franco - Ilustrando a Folha Imagem3\" src=\"http:\/\/lenidavid.com.br\/wp-content\/uploads\/2012\/05\/Bebel-Franco-Ilustrando-a-Folha-Imagem3.bmp\" alt=\"\" width=\"400\" height=\"150\" \/><\/p>\n<p style=\"text-align: justify; padding-left: 210px;\"><strong>De sacolinhas e pieguismos<\/strong><\/p>\n<p style=\"text-align: justify; padding-left: 330px;\">\u00a0Danuza Le\u00e3o<\/p>\n<p style=\"text-align: justify;\">\u00a0H\u00e1 uma eternidade venho lendo nos jornais a pol\u00eamica sobre as sacolinhas de pl\u00e1stico dos supermercados, e confesso que nunca me interessei muito pelo assunto.<\/p>\n<p style=\"text-align: justify;\">Houve uma tr\u00e9gua, agora falam de novo, e continuo sem refletir, quando vou ao supermercado, se devo levar uma sacola ecol\u00f3gica ou n\u00e3o.<\/p>\n<p style=\"text-align: justify;\">\u00c9 claro que todos queremos um mundo menos polu\u00eddo, que um saquinho de pl\u00e1stico leva 400anos para desaparecer, etc. etc, mas n\u00e3o posso deixar de pensar.<\/p>\n<p style=\"text-align: justify;\">Praticamente todos os produtos que se compra em qualquer supermercado j\u00e1 vem embalado, da f\u00e1brica, em pl\u00e1stico; se eu comprar 2 mangas e uma bandejinha de frango, as mangas ser\u00e3o colocadas dentro de um saquinho de pl\u00e1stico, e o frango j\u00e1 estar\u00e1 embrulhada em pl\u00e1stico, numa bandejinha de isopor. Mas para levar as mangas e o frango para casa, devo ter uma sacolinha de palha, \u00e9 isso? Se a compra \u00e9 grande, e eu pe\u00e7o para levarem em casa, tudo que eu tiver comprado &#8211; \u00a0absolutamente tudo &#8211; chegar\u00e1, separadamente, em sacolas pl\u00e1sticas, as mesmas que n\u00e3o se deve usar quando se leva o produto. Ent\u00e3o, que hist\u00f3ria \u00e9 essa de sacolinhas biodegrad\u00e1veis? Algum pl\u00e1stico deixar\u00e1 de ser usado nas feiras, nos hortifr\u00fatis, nas papelarias, nas embalagens de lou\u00e7a, de quadros, onde o pl\u00e1stico bolha \u00e9 fundamental? Os pl\u00e1sticos s\u00e3o e continuar\u00e3o cobrindo os alimentos na geladeira, os sacos de lixo continuar\u00e3o sendo de pl\u00e1stico, e mais um milh\u00e3o de coisas de que n\u00e3o me lembro v\u00e3o continuar exatamente como s\u00e3o, mas h\u00e1 quem ache que as sacolinhas dos supermercados, se eliminadas, v\u00e3o salvar a vida do planeta. Se as sacolinhas forem proibidas, voc\u00ea pode comprar uma, no pr\u00f3prio supermercado, mas vai pagar por ela R$ 0,17, e a\u00ed tudo bem. Mais um produto a ser vendido, que bom para os donos.<\/p>\n<p style=\"text-align: justify;\">Est\u00e1 a\u00ed uma discuss\u00e3o que me escapa, que n\u00e3o consigo compreender, por favor, que algu\u00e9m me explique.<\/p>\n<p style=\"text-align: justify;\">\n<p style=\"text-align: justify; padding-left: 240px;\" align=\"center\"><strong>*********<\/strong><\/p>\n<p style=\"text-align: justify;\">\n<p style=\"text-align: justify;\">\u00c9 muito bom um governo que cuida dos mais necessitados, que pensa nas crian\u00e7as, na moradia para os mais pobres, etc. etc. Mas ser\u00e1 que \u00e9 mesmo necess\u00e1rio que cada uma das bondades que o governo atual proporciona seja chamada por t\u00edtulos t\u00e3o piegas? N\u00e3o seria poss\u00edvel melhorar essa nova renda para os que t\u00eam filhos at\u00e9 6 anos sem precisar cham\u00e1-lo de Brasil Carinhoso? Mais do que nunca, deve-se perguntar quem \u00e9 o criativo autor encarregado de inventar esses nomes.<\/p>\n<p style=\"text-align: justify;\">Isso se chama pieguice, coisa que existe para provocar, nos mais ing\u00eanuos, a sensa\u00e7\u00e3o de \u201cah, como esse governo \u00e9 bonzinho\u201d _ se poss\u00edvel, com os olhos marejados. Mas no dia em que esses mesmos ing\u00eanuos tiverem mais escola, mais educa\u00e7\u00e3o, e lido os livros, v\u00e3o entender que a pieguice, \u00e9 um apelo (excessivo) aos sentimentos; \u00e9 o sentimentalismo ainda pior do que o sentimental\u00f3ide, beirando o rid\u00edculo.<\/p>\n<p style=\"text-align: justify;\">Por falar nisso, ainda n\u00e3o ouvi nenhum ministro da Educa\u00e7\u00e3o anunciar a abertura de escolas para atualizar professores que estudaram no s\u00e9culo passado, e outras para que os futuros professores possam ensinar aos alunos todas as modernidades do mundo atual, \u00fanica maneira de fazer um pa\u00eds crescer. Eles acham que comprar computadores para as escolas _ e mostrar na televis\u00e3o _ \u00e9 ser primeiro mundo.<\/p>\n<p style=\"text-align: justify;\">Mas se isso um dia acontecer, tremo em imaginar que essa \u201cbondade\u201d vir\u00e1 _ se vier _ com a foto de uma crian\u00e7a sorrindo, com um slogan no qual prefiro n\u00e3o pensar.<\/p>\n<p style=\"text-align: justify;\">O pieguismo \u00e9 muito brega.<\/p>\n<p style=\"padding-left: 270px;\">Rio, 20 de maio de 2012<\/p>\n<p>Fonte: <a href=\"http:\/\/ilustrandoafolha.blogspot.com.br\/\">Ilustrando a Folha<\/a>\u00a0\u00a0(Bebel Franco)<\/p>\n<p>&nbsp;<\/p>\n","protected":false},"excerpt":{"rendered":"<p>De sacolinhas e pieguismos \u00a0Danuza Le\u00e3o \u00a0H\u00e1 uma eternidade venho lendo nos jornais a pol\u00eamica sobre as sacolinhas de pl\u00e1stico dos supermercados, e confesso que nunca me interessei muito pelo assunto. Houve uma tr\u00e9gua, agora falam de novo, e continuo &hellip; <a href=\"https:\/\/lenidavid.com.br\/?p=3848\">Continue lendo <span class=\"meta-nav\">&rarr;<\/span><\/a><\/p>\n","protected":false},"author":1,"featured_media":0,"comment_status":"open","ping_status":"open","sticky":false,"template":"","format":"standard","meta":{"footnotes":""},"categories":[1],"tags":[130,1856,1013,801,1188],"class_list":["post-3848","post","type-post","status-publish","format-standard","hentry","category-uncategorized","tag-cotidiano","tag-cronicas","tag-danuza-leao","tag-meio-ambiente","tag-pieguices"],"_links":{"self":[{"href":"https:\/\/lenidavid.com.br\/index.php?rest_route=\/wp\/v2\/posts\/3848","targetHints":{"allow":["GET"]}}],"collection":[{"href":"https:\/\/lenidavid.com.br\/index.php?rest_route=\/wp\/v2\/posts"}],"about":[{"href":"https:\/\/lenidavid.com.br\/index.php?rest_route=\/wp\/v2\/types\/post"}],"author":[{"embeddable":true,"href":"https:\/\/lenidavid.com.br\/index.php?rest_route=\/wp\/v2\/users\/1"}],"replies":[{"embeddable":true,"href":"https:\/\/lenidavid.com.br\/index.php?rest_route=%2Fwp%2Fv2%2Fcomments&post=3848"}],"version-history":[{"count":1,"href":"https:\/\/lenidavid.com.br\/index.php?rest_route=\/wp\/v2\/posts\/3848\/revisions"}],"predecessor-version":[{"id":3850,"href":"https:\/\/lenidavid.com.br\/index.php?rest_route=\/wp\/v2\/posts\/3848\/revisions\/3850"}],"wp:attachment":[{"href":"https:\/\/lenidavid.com.br\/index.php?rest_route=%2Fwp%2Fv2%2Fmedia&parent=3848"}],"wp:term":[{"taxonomy":"category","embeddable":true,"href":"https:\/\/lenidavid.com.br\/index.php?rest_route=%2Fwp%2Fv2%2Fcategories&post=3848"},{"taxonomy":"post_tag","embeddable":true,"href":"https:\/\/lenidavid.com.br\/index.php?rest_route=%2Fwp%2Fv2%2Ftags&post=3848"}],"curies":[{"name":"wp","href":"https:\/\/api.w.org\/{rel}","templated":true}]}}