{"id":3853,"date":"2012-05-23T17:31:11","date_gmt":"2012-05-23T20:31:11","guid":{"rendered":"http:\/\/lenidavid.com.br\/?p=3853"},"modified":"2012-05-23T18:10:35","modified_gmt":"2012-05-23T21:10:35","slug":"grande-final-do-festival-de-sanfoneiros","status":"publish","type":"post","link":"https:\/\/lenidavid.com.br\/?p=3853","title":{"rendered":"Grande final do Festival de Sanfoneiros"},"content":{"rendered":"<div style=\"text-align: justify;\"><span style=\"font-family: Times New Roman;\"><span style=\"font-family: Times New Roman;\">Dezesseis artistas, 15 de munic\u00edpios baianos e um de Pernambuco, participam, nesta quarta-feira (23), da grande final do 5\u00ba Festival de Sanfoneiros que <\/span>vai contar com <strong>show de abertura do cantor e compositor Timba\u00faba<\/strong>. O p\u00fablico tamb\u00e9m\u00a0assistir\u00e1 \u00a0apresenta\u00e7\u00e3o do grupo instrumental <strong>Viola de Arame<\/strong> e de <strong>Baio do Acordeon<\/strong>, vencedor da primeira edi\u00e7\u00e3o do Festival de Sanfoneiros, em 2008.<\/span><\/div>\n<div style=\"text-align: justify;\"><\/div>\n<div style=\"text-align: justify;\"><\/div>\n<div style=\"text-align: justify;\"><span style=\"font-family: Times New Roman;\">O 5\u00ba Festival de Sanfoneiros ser\u00e1 <strong>transmitido online pela TV Olhos D\u00b4\u00c1gua<\/strong>, da Uefs. <\/span><\/div>\n<div style=\"text-align: justify;\"><\/div>\n<div style=\"text-align: justify;\"><span style=\"font-family: Times New Roman;\">Para aqueles que estiverem fora da cidade, como eu, <strong>\u00e9 pos\u00edvel assistir ao espet\u00e1culo\u00a0acessando <a href=\"http:\/\/www.uefs.br\">www.uefs.br<\/a> e clicando no link da TV Olhos d&#8217;\u00c1gua, localizado na se\u00e7\u00e3o Not\u00edcias<\/strong>.<\/span><\/div>\n<div style=\"text-align: justify;\"><\/div>\n<div style=\"text-align: justify;\"><strong><span style=\"font-family: Times New Roman;\">Divirtam-se!<\/span><\/strong><\/div>\n<div style=\"text-align: justify;\"><\/div>\n<div style=\"text-align: justify;\"><\/div>\n<div style=\"text-align: justify;\"><\/div>\n<div style=\"text-align: justify;\"><\/div>\n<div style=\"text-align: justify;\"><\/div>\n","protected":false},"excerpt":{"rendered":"<p>Dezesseis artistas, 15 de munic\u00edpios baianos e um de Pernambuco, participam, nesta quarta-feira (23), da grande final do 5\u00ba Festival de Sanfoneiros que vai contar com show de abertura do cantor e compositor Timba\u00faba. O p\u00fablico tamb\u00e9m\u00a0assistir\u00e1 \u00a0apresenta\u00e7\u00e3o do grupo &hellip; <a href=\"https:\/\/lenidavid.com.br\/?p=3853\">Continue lendo <span class=\"meta-nav\">&rarr;<\/span><\/a><\/p>\n","protected":false},"author":1,"featured_media":0,"comment_status":"open","ping_status":"open","sticky":false,"template":"","format":"standard","meta":{"footnotes":""},"categories":[1,119],"tags":[1859,665,413],"class_list":["post-3853","post","type-post","status-publish","format-standard","hentry","category-uncategorized","category-musica","tag-feira-de-santana","tag-festival-de-sanfoneiros","tag-uefs"],"_links":{"self":[{"href":"https:\/\/lenidavid.com.br\/index.php?rest_route=\/wp\/v2\/posts\/3853","targetHints":{"allow":["GET"]}}],"collection":[{"href":"https:\/\/lenidavid.com.br\/index.php?rest_route=\/wp\/v2\/posts"}],"about":[{"href":"https:\/\/lenidavid.com.br\/index.php?rest_route=\/wp\/v2\/types\/post"}],"author":[{"embeddable":true,"href":"https:\/\/lenidavid.com.br\/index.php?rest_route=\/wp\/v2\/users\/1"}],"replies":[{"embeddable":true,"href":"https:\/\/lenidavid.com.br\/index.php?rest_route=%2Fwp%2Fv2%2Fcomments&post=3853"}],"version-history":[{"count":6,"href":"https:\/\/lenidavid.com.br\/index.php?rest_route=\/wp\/v2\/posts\/3853\/revisions"}],"predecessor-version":[{"id":3863,"href":"https:\/\/lenidavid.com.br\/index.php?rest_route=\/wp\/v2\/posts\/3853\/revisions\/3863"}],"wp:attachment":[{"href":"https:\/\/lenidavid.com.br\/index.php?rest_route=%2Fwp%2Fv2%2Fmedia&parent=3853"}],"wp:term":[{"taxonomy":"category","embeddable":true,"href":"https:\/\/lenidavid.com.br\/index.php?rest_route=%2Fwp%2Fv2%2Fcategories&post=3853"},{"taxonomy":"post_tag","embeddable":true,"href":"https:\/\/lenidavid.com.br\/index.php?rest_route=%2Fwp%2Fv2%2Ftags&post=3853"}],"curies":[{"name":"wp","href":"https:\/\/api.w.org\/{rel}","templated":true}]}}