{"id":3983,"date":"2012-06-21T23:06:28","date_gmt":"2012-06-22T02:06:28","guid":{"rendered":"http:\/\/lenidavid.com.br\/?p=3983"},"modified":"2012-06-22T02:26:05","modified_gmt":"2012-06-22T05:26:05","slug":"pai-indignado-faz-protesto-no-aeroporto-de-salvador","status":"publish","type":"post","link":"https:\/\/lenidavid.com.br\/?p=3983","title":{"rendered":"Pai indignado faz protesto no aeroporto de Salvador"},"content":{"rendered":"<p><strong>Caiu na rede!<\/strong><\/p>\n<p><img loading=\"lazy\" decoding=\"async\" class=\"aligncenter size-full wp-image-3984\" title=\"Foto: Laura Alicia Cortes\" src=\"http:\/\/lenidavid.com.br\/wp-content\/uploads\/2012\/06\/pai_poliglota_seguraplacano_aeroporto_foto_lauraaliciacortes.jpg\" alt=\"\" width=\"377\" height=\"502\" srcset=\"https:\/\/lenidavid.com.br\/wp-content\/uploads\/2012\/06\/pai_poliglota_seguraplacano_aeroporto_foto_lauraaliciacortes.jpg 377w, https:\/\/lenidavid.com.br\/wp-content\/uploads\/2012\/06\/pai_poliglota_seguraplacano_aeroporto_foto_lauraaliciacortes-225x300.jpg 225w\" sizes=\"auto, (max-width: 377px) 100vw, 377px\" \/><\/p>\n<p style=\"text-align: justify;\">A greve dos professores da rede estadual de ensino da Bahia continua. Enquanto isso, os pais de alunos demonstram a insatisfa\u00e7\u00e3o com a falta de di\u00e1logo do governo do Estado que se recusa a negociar com os professores e a\u00a0cumprir o piso salarial determinado pelo governo federal, ou a adotar \u00a0medidas pr\u00e1ticas para resolver o problema e levar os estudantes de volta \u00e0s salas de aula.<\/p>\n<p style=\"text-align: justify;\">Nesta semana, um dos pais indignados com a situa\u00e7\u00e3o levou a sua revolta ao Aeroporto Internacional de Salvador. Ficou segurando uma placa revelando para todos que chegavam \u00e0 capital do estado que as coisas n\u00e3o andam bem.<\/p>\n<p style=\"text-align: justify;\">\u201c<strong>Sejam Bem-vindos \u00e0 Bahia, um estado sem educa\u00e7\u00e3o. Meus filhos est\u00e3o sem aulas, h\u00e1 mais de 60 dias<\/strong>\u201d. <strong>O texto se repete em outros tr\u00eas idiomas<\/strong>. Em ingl\u00eas, espanhol e franc\u00eas. A foto feita por Laura Al\u00edcia C\u00f4rtes est\u00e1 sendo compartilhada nas redes sociais sob o t\u00edtulo de: \u201c<strong>Olha s\u00f3 como os turistas est\u00e3o sendo recebidos no aeroporto de Salvador<\/strong>\u201d.<\/p>\n<p><strong>\u00a0Atualiza\u00e7\u00e3o:<\/strong><\/p>\n<div style=\"text-align: justify;\"><strong>O presidente da Associa\u00e7\u00e3o das M\u00e3es e Pais de Alunos de Escolas P\u00fablicas da Bahia (Amap), Ant\u00f4nio Daltro Moura (foto acima), segue hoje para S\u00e3o Paulo, onde inicia uma s\u00e9rie de manifesta\u00e7\u00f5es a fim de sensibilizar a opini\u00e3o p\u00fablica nacional sobre a situa\u00e7\u00e3o dos estudantes das escolas estaduais baianas, que est\u00e3o sem aula h\u00e1 72 dias. Durante os atos, Moura vai exibir um cartaz poliglota com os dizeres \u201cVisitem a Bahia, um estado sem educa\u00e7\u00e3o\u201d, em portugu\u00eas, espanhol, ingl\u00eas e franc\u00eas. Ele lamenta a solu\u00e7\u00e3o paliativa encontrada pelo governo em dar aulas em car\u00e1ter extraordin\u00e1rio apenas aos alunos do terceiro ano do ensino m\u00e9dio. \u201cSomos contra esse tipo de aul\u00e3o. Somente em asfalto se admite fazer tapa-buraco e educa\u00e7\u00e3o \u00e9 coisa s\u00e9ria\u201d.<\/strong><\/div>\n<div style=\"text-align: justify;\">Fonte: Radar\/Tribuna da Bahia<\/div>\n<div style=\"text-align: justify;\">.<\/div>\n<div style=\"text-align: justify;\">.<\/div>\n<div style=\"text-align: justify;\"><\/div>\n","protected":false},"excerpt":{"rendered":"<p>Caiu na rede! A greve dos professores da rede estadual de ensino da Bahia continua. Enquanto isso, os pais de alunos demonstram a insatisfa\u00e7\u00e3o com a falta de di\u00e1logo do governo do Estado que se recusa a negociar com os &hellip; <a href=\"https:\/\/lenidavid.com.br\/?p=3983\">Continue lendo <span class=\"meta-nav\">&rarr;<\/span><\/a><\/p>\n","protected":false},"author":1,"featured_media":0,"comment_status":"open","ping_status":"open","sticky":false,"template":"","format":"standard","meta":{"footnotes":""},"categories":[1],"tags":[1225,1224,1071],"class_list":["post-3983","post","type-post","status-publish","format-standard","hentry","category-uncategorized","tag-greve-dos-professores","tag-greve-dos-professores-estaduais-na-bahia","tag-jaques-wagner"],"_links":{"self":[{"href":"https:\/\/lenidavid.com.br\/index.php?rest_route=\/wp\/v2\/posts\/3983","targetHints":{"allow":["GET"]}}],"collection":[{"href":"https:\/\/lenidavid.com.br\/index.php?rest_route=\/wp\/v2\/posts"}],"about":[{"href":"https:\/\/lenidavid.com.br\/index.php?rest_route=\/wp\/v2\/types\/post"}],"author":[{"embeddable":true,"href":"https:\/\/lenidavid.com.br\/index.php?rest_route=\/wp\/v2\/users\/1"}],"replies":[{"embeddable":true,"href":"https:\/\/lenidavid.com.br\/index.php?rest_route=%2Fwp%2Fv2%2Fcomments&post=3983"}],"version-history":[{"count":6,"href":"https:\/\/lenidavid.com.br\/index.php?rest_route=\/wp\/v2\/posts\/3983\/revisions"}],"predecessor-version":[{"id":3990,"href":"https:\/\/lenidavid.com.br\/index.php?rest_route=\/wp\/v2\/posts\/3983\/revisions\/3990"}],"wp:attachment":[{"href":"https:\/\/lenidavid.com.br\/index.php?rest_route=%2Fwp%2Fv2%2Fmedia&parent=3983"}],"wp:term":[{"taxonomy":"category","embeddable":true,"href":"https:\/\/lenidavid.com.br\/index.php?rest_route=%2Fwp%2Fv2%2Fcategories&post=3983"},{"taxonomy":"post_tag","embeddable":true,"href":"https:\/\/lenidavid.com.br\/index.php?rest_route=%2Fwp%2Fv2%2Ftags&post=3983"}],"curies":[{"name":"wp","href":"https:\/\/api.w.org\/{rel}","templated":true}]}}