{"id":4035,"date":"2012-07-01T00:10:38","date_gmt":"2012-07-01T03:10:38","guid":{"rendered":"http:\/\/lenidavid.com.br\/?p=4035"},"modified":"2012-07-01T00:10:38","modified_gmt":"2012-07-01T03:10:38","slug":"coisa-linda-de-ver-e-ouvir","status":"publish","type":"post","link":"https:\/\/lenidavid.com.br\/?p=4035","title":{"rendered":"Coisa linda de ver e ouvir"},"content":{"rendered":"<p><object width=\"420\" height=\"315\" classid=\"clsid:d27cdb6e-ae6d-11cf-96b8-444553540000\" codebase=\"http:\/\/download.macromedia.com\/pub\/shockwave\/cabs\/flash\/swflash.cab#version=6,0,40,0\"><param name=\"allowFullScreen\" value=\"true\" \/><param name=\"allowscriptaccess\" value=\"always\" \/><param name=\"src\" value=\"http:\/\/www.youtube.com\/v\/pN6pDipPvhc?version=3&amp;hl=pt_BR&amp;rel=0\" \/><param name=\"allowfullscreen\" value=\"true\" \/><embed width=\"420\" height=\"315\" type=\"application\/x-shockwave-flash\" src=\"http:\/\/www.youtube.com\/v\/pN6pDipPvhc?version=3&amp;hl=pt_BR&amp;rel=0\" allowFullScreen=\"true\" allowscriptaccess=\"always\" allowfullscreen=\"true\" \/><\/object><\/p>\n<p>Uma coisa linda de se ver e deliciosa pra se ouvir. A Orquestra de C\u00e2mara do Semin\u00e1rio de M\u00fasica do CUCA (Centro Universit\u00e1ro de Cultura e Arte, da UEFS &#8211; Universidade Estadual de Feira de Santana), presta homenagem ao escritor junqu\u00eas <a id=\"js_8\" href=\"https:\/\/www.facebook.com\/antonio.torres.5682\" data-hovercard=\"\/ajax\/hovercard\/user.php?id=100003403553402\">Ant\u00f4nio Torres<\/a> na abertura do semin\u00e1rio em homenagem aos 70 anos do escritor.<\/p>\n<p>Observa\u00e7\u00e3o: Compartilhado pelo amigo Tom Torres.<\/p>\n<p style=\"text-align: justify;\">\n","protected":false},"excerpt":{"rendered":"<p>Uma coisa linda de se ver e deliciosa pra se ouvir. A Orquestra de C\u00e2mara do Semin\u00e1rio de M\u00fasica do CUCA (Centro Universit\u00e1ro de Cultura e Arte, da UEFS &#8211; Universidade Estadual de Feira de Santana), presta homenagem ao escritor &hellip; <a href=\"https:\/\/lenidavid.com.br\/?p=4035\">Continue lendo <span class=\"meta-nav\">&rarr;<\/span><\/a><\/p>\n","protected":false},"author":1,"featured_media":0,"comment_status":"open","ping_status":"open","sticky":false,"template":"","format":"standard","meta":{"footnotes":""},"categories":[13,119],"tags":[1234,412,1235],"class_list":["post-4035","post","type-post","status-publish","format-standard","hentry","category-homenagens","category-musica","tag-a-orquestra-de-camara-do-seminario-de-musica-do-cuca","tag-antonio-torres","tag-homenagen"],"_links":{"self":[{"href":"https:\/\/lenidavid.com.br\/index.php?rest_route=\/wp\/v2\/posts\/4035","targetHints":{"allow":["GET"]}}],"collection":[{"href":"https:\/\/lenidavid.com.br\/index.php?rest_route=\/wp\/v2\/posts"}],"about":[{"href":"https:\/\/lenidavid.com.br\/index.php?rest_route=\/wp\/v2\/types\/post"}],"author":[{"embeddable":true,"href":"https:\/\/lenidavid.com.br\/index.php?rest_route=\/wp\/v2\/users\/1"}],"replies":[{"embeddable":true,"href":"https:\/\/lenidavid.com.br\/index.php?rest_route=%2Fwp%2Fv2%2Fcomments&post=4035"}],"version-history":[{"count":2,"href":"https:\/\/lenidavid.com.br\/index.php?rest_route=\/wp\/v2\/posts\/4035\/revisions"}],"predecessor-version":[{"id":4037,"href":"https:\/\/lenidavid.com.br\/index.php?rest_route=\/wp\/v2\/posts\/4035\/revisions\/4037"}],"wp:attachment":[{"href":"https:\/\/lenidavid.com.br\/index.php?rest_route=%2Fwp%2Fv2%2Fmedia&parent=4035"}],"wp:term":[{"taxonomy":"category","embeddable":true,"href":"https:\/\/lenidavid.com.br\/index.php?rest_route=%2Fwp%2Fv2%2Fcategories&post=4035"},{"taxonomy":"post_tag","embeddable":true,"href":"https:\/\/lenidavid.com.br\/index.php?rest_route=%2Fwp%2Fv2%2Ftags&post=4035"}],"curies":[{"name":"wp","href":"https:\/\/api.w.org\/{rel}","templated":true}]}}