{"id":4041,"date":"2012-07-02T17:24:07","date_gmt":"2012-07-02T20:24:07","guid":{"rendered":"http:\/\/lenidavid.com.br\/?p=4041"},"modified":"2012-07-03T01:51:08","modified_gmt":"2012-07-03T04:51:08","slug":"maria-quiteria-heroina-feirense","status":"publish","type":"post","link":"https:\/\/lenidavid.com.br\/?p=4041","title":{"rendered":"Maria Quit\u00e9ria \u2013 Hero\u00edna feirense"},"content":{"rendered":"<p>&nbsp;<\/p>\n<p>&nbsp;<\/p>\n<p style=\"text-align: center;\"><img loading=\"lazy\" decoding=\"async\" class=\"aligncenter size-full wp-image-4042\" title=\"Maria Quiteria - obra do italiano Domenico Failutti\" src=\"http:\/\/lenidavid.com.br\/wp-content\/uploads\/2012\/07\/maria-quiteria-obra-do-italiano-Domenico-Failutti-.jpg\" alt=\"\" width=\"322\" height=\"518\" srcset=\"https:\/\/lenidavid.com.br\/wp-content\/uploads\/2012\/07\/maria-quiteria-obra-do-italiano-Domenico-Failutti-.jpg 322w, https:\/\/lenidavid.com.br\/wp-content\/uploads\/2012\/07\/maria-quiteria-obra-do-italiano-Domenico-Failutti--186x300.jpg 186w\" sizes=\"auto, (max-width: 322px) 100vw, 322px\" \/><\/p>\n<p style=\"text-align: justify;\">Maria Quit\u00e9ria de Jesus (Feira de Santana, 27 de julho de 1792 &#8211; Salvador, 21 de agosto de 1853) foi hero\u00edna da Guerra da Independ\u00eancia. A imagem a \u00f3leo de Maria Quit\u00e9ria (Foto: Reprodu\u00e7\u00e3o), 1,55 x 2,535, obra do italiano Domenico Failutti (1873-1923), foi presenteado pela C\u00e2mara Municipal de Cachoeira e integra o acervo do Museu do Ipiranga, em S\u00e3o Paulo-SP, por Decreto da Presid\u00eancia da Rep\u00fablica, de 28 de junho de 1996. Maria Quit\u00e9ria foi reconhecida como Patronesse do Quadro Complementar de Oficiais do Ex\u00e9rcito Brasileiro. A sua imagem encontra-se em todos os quarteis e reparti\u00e7\u00f5es da Arma, por determina\u00e7\u00e3o ministerial, bem como reproduzida em livros de Hist\u00f3ria do Brasil.<\/p>\n<p style=\"text-align: justify;\">Em sua terra tem seu nome em distrito, no Pa\u00e7o Municipal, em uma das principais avenidas, em Col\u00e9gio Estadual, em monumento, em comenda da C\u00e2mara Municipal.<\/p>\n<p style=\"text-align: justify;\">Na revista &#8220;Veja&#8221;, edi\u00e7\u00e3o de 25 de dezembro de 2011, uma mat\u00e9ria especial sobre Hist\u00f3ria, &#8220;50 grandes brasileiros e seu legado&#8221;, que insere a feirense Maria Quit\u00e9ria entre os personagens &#8220;que ajudaram a construir o Brasil e que ainda inspiram as gera\u00e7\u00f5es atuais na tarefa de antecipar o futuro&#8221;.<\/p>\n<p style=\"text-align: justify;\"><strong>\u00a0Maria Quit\u00e9ria (1792-1835)<\/strong><\/p>\n<p style=\"text-align: justify;\">\u00a0Nascida em S\u00e3o Jos\u00e9 das Itapororocas, na Bahia, ficou orf\u00e3 da m\u00e3e aos 9 anos e assumiu o comando da casa. Na juventude, montava, ca\u00e7ava, manejava armas de fogo e dan\u00e7ava lundus com os escravos. Em 1822, vestida com a farda do tio, alistou-se nas tropas que lutavam pela causa da independ\u00eancia do Brasil. Adotou o nome do cunhado, soldado Medeiros, e ingressou no Regimento de Artilharia. Mais tarde, foi transferida para o Batalh\u00e3o dos Periquitos. No combate de Pituba, em fevereiro de 1823, destacou-se por ter feito prisioneiros. Depois da entrada no Ex\u00e9rcito Libertador, em Salvador, foi condecorada no Rio de Janeiro com a ins\u00edgnia de Cavaleiro da Imperial Ordem do Cruzeiro pelo imperador dom Pedro I. Retornou \u00e0 fazenda Serra da Agulha, onde foi aclamada como hero\u00edna pela fam\u00edlia e pela popula\u00e7\u00e3o local. Casou-se com o lavrador Gabriel Pereira de Brito e teve uma \u00fanica filha, Lu\u00edsa da Concei\u00e7\u00e3o. Morreu em Salvador, onde vivia de seu soldo de alferes, j\u00e1 quase cega.<\/p>\n<p>(Verbete escrito pela historiadora Mary Del Priore)<\/p>\n<p>Fonte: Blog Demais<\/p>\n","protected":false},"excerpt":{"rendered":"<p>&nbsp; &nbsp; Maria Quit\u00e9ria de Jesus (Feira de Santana, 27 de julho de 1792 &#8211; Salvador, 21 de agosto de 1853) foi hero\u00edna da Guerra da Independ\u00eancia. A imagem a \u00f3leo de Maria Quit\u00e9ria (Foto: Reprodu\u00e7\u00e3o), 1,55 x 2,535, obra &hellip; <a href=\"https:\/\/lenidavid.com.br\/?p=4041\">Continue lendo <span class=\"meta-nav\">&rarr;<\/span><\/a><\/p>\n","protected":false},"author":1,"featured_media":0,"comment_status":"open","ping_status":"open","sticky":false,"template":"","format":"standard","meta":{"footnotes":""},"categories":[1],"tags":[1237,349,1859,1236,1239],"class_list":["post-4041","post","type-post","status-publish","format-standard","hentry","category-uncategorized","tag-2-de-julho","tag-bahia","tag-feira-de-santana","tag-independencia-da-bahia","tag-maria-quiteria"],"_links":{"self":[{"href":"https:\/\/lenidavid.com.br\/index.php?rest_route=\/wp\/v2\/posts\/4041","targetHints":{"allow":["GET"]}}],"collection":[{"href":"https:\/\/lenidavid.com.br\/index.php?rest_route=\/wp\/v2\/posts"}],"about":[{"href":"https:\/\/lenidavid.com.br\/index.php?rest_route=\/wp\/v2\/types\/post"}],"author":[{"embeddable":true,"href":"https:\/\/lenidavid.com.br\/index.php?rest_route=\/wp\/v2\/users\/1"}],"replies":[{"embeddable":true,"href":"https:\/\/lenidavid.com.br\/index.php?rest_route=%2Fwp%2Fv2%2Fcomments&post=4041"}],"version-history":[{"count":2,"href":"https:\/\/lenidavid.com.br\/index.php?rest_route=\/wp\/v2\/posts\/4041\/revisions"}],"predecessor-version":[{"id":4049,"href":"https:\/\/lenidavid.com.br\/index.php?rest_route=\/wp\/v2\/posts\/4041\/revisions\/4049"}],"wp:attachment":[{"href":"https:\/\/lenidavid.com.br\/index.php?rest_route=%2Fwp%2Fv2%2Fmedia&parent=4041"}],"wp:term":[{"taxonomy":"category","embeddable":true,"href":"https:\/\/lenidavid.com.br\/index.php?rest_route=%2Fwp%2Fv2%2Fcategories&post=4041"},{"taxonomy":"post_tag","embeddable":true,"href":"https:\/\/lenidavid.com.br\/index.php?rest_route=%2Fwp%2Fv2%2Ftags&post=4041"}],"curies":[{"name":"wp","href":"https:\/\/api.w.org\/{rel}","templated":true}]}}