{"id":4064,"date":"2012-07-04T21:47:55","date_gmt":"2012-07-05T00:47:55","guid":{"rendered":"http:\/\/lenidavid.com.br\/?p=4064"},"modified":"2012-07-08T17:43:36","modified_gmt":"2012-07-08T20:43:36","slug":"noite-cultural-no-casario-froes-da-motta","status":"publish","type":"post","link":"https:\/\/lenidavid.com.br\/?p=4064","title":{"rendered":"Noite Cultural no Casario Fr\u00f3es da Motta"},"content":{"rendered":"<p>&nbsp;<\/p>\n<div dir=\"ltr\"><span style=\"font-family: Arial;\"><strong><span style=\"color: #000080; font-family: Tahoma; font-size: medium;\">Dia 06.07.2012 \u00e0s 19:30h.<\/span> <\/strong><\/span><\/div>\n<div dir=\"ltr\" align=\"justify\"><\/div>\n<div dir=\"ltr\"><span style=\"font-family: Tahoma;\">A Funda\u00e7\u00e3o Senhor dos Passos convida Vossa Senhoria para participar de uma noite cultural, na pr\u00f3xima sexta-feira,<\/span><\/div>\n<div dir=\"ltr\"><span style=\"font-family: Tahoma;\">06 de Julho, \u00e0s 19:30 horas, no Memorial de Feira de Santana, localizado na Pra\u00e7a Fr\u00f3es da Motta, Centro, em nossa cidade.<\/span><\/div>\n<div dir=\"ltr\"><\/div>\n<div dir=\"ltr\"><img loading=\"lazy\" decoding=\"async\" class=\"aligncenter  wp-image-4088\" title=\"Palacete Froes Da Motta - Divulga\u00e7\u00e3o\" src=\"http:\/\/lenidavid.com.br\/wp-content\/uploads\/2012\/07\/casaraoFroesDaMotta.jpg\" alt=\"\" width=\"370\" height=\"263\" \/><\/div>\n<div dir=\"ltr\"><strong><span style=\"font-family: Tahoma;\">Programa\u00e7\u00e3o:<\/span><\/strong><\/div>\n<div dir=\"ltr\">\n<ul>\n<li><span style=\"font-family: Tahoma;\">Lan\u00e7amento do Livro \u201cHist\u00f3ria do Fluminense em Fotos \u201cde Carlos Alberto Melo <\/span><\/li>\n<li><span style=\"font-family: Tahoma;\">Lan\u00e7amento do Livro \u201cA Import\u00e2ncia das Funda\u00e7\u00f5es Privadas Para Efetiva\u00e7\u00e3o dos Direitos Fundamentais: Um Estudo das Entidades em Feira de Santana \u201c da Promotora Luciana Machado dos Santos Maia <\/span><\/li>\n<li><span style=\"font-family: Tahoma;\">Lan\u00e7amento do DVD \u201c As Filarm\u00f4nicas Est\u00e3o Voltando\u201d <\/span><\/li>\n<li><span style=\"font-family: Tahoma;\">Lan\u00e7amento do II Festival de Filarm\u00f4nicas \u2013 Princesa do Sert\u00e3o <\/span><\/li>\n<\/ul>\n<\/div>\n","protected":false},"excerpt":{"rendered":"<p>&nbsp; Dia 06.07.2012 \u00e0s 19:30h. A Funda\u00e7\u00e3o Senhor dos Passos convida Vossa Senhoria para participar de uma noite cultural, na pr\u00f3xima sexta-feira, 06 de Julho, \u00e0s 19:30 horas, no Memorial de Feira de Santana, localizado na Pra\u00e7a Fr\u00f3es da Motta, &hellip; <a href=\"https:\/\/lenidavid.com.br\/?p=4064\">Continue lendo <span class=\"meta-nav\">&rarr;<\/span><\/a><\/p>\n","protected":false},"author":1,"featured_media":0,"comment_status":"open","ping_status":"open","sticky":false,"template":"","format":"standard","meta":{"footnotes":""},"categories":[1],"tags":[1859,479,1245,1246],"class_list":["post-4064","post","type-post","status-publish","format-standard","hentry","category-uncategorized","tag-feira-de-santana","tag-lancamento-de-livro","tag-noite-cultural","tag-paroquia-senhor-dos-passos"],"_links":{"self":[{"href":"https:\/\/lenidavid.com.br\/index.php?rest_route=\/wp\/v2\/posts\/4064","targetHints":{"allow":["GET"]}}],"collection":[{"href":"https:\/\/lenidavid.com.br\/index.php?rest_route=\/wp\/v2\/posts"}],"about":[{"href":"https:\/\/lenidavid.com.br\/index.php?rest_route=\/wp\/v2\/types\/post"}],"author":[{"embeddable":true,"href":"https:\/\/lenidavid.com.br\/index.php?rest_route=\/wp\/v2\/users\/1"}],"replies":[{"embeddable":true,"href":"https:\/\/lenidavid.com.br\/index.php?rest_route=%2Fwp%2Fv2%2Fcomments&post=4064"}],"version-history":[{"count":3,"href":"https:\/\/lenidavid.com.br\/index.php?rest_route=\/wp\/v2\/posts\/4064\/revisions"}],"predecessor-version":[{"id":4089,"href":"https:\/\/lenidavid.com.br\/index.php?rest_route=\/wp\/v2\/posts\/4064\/revisions\/4089"}],"wp:attachment":[{"href":"https:\/\/lenidavid.com.br\/index.php?rest_route=%2Fwp%2Fv2%2Fmedia&parent=4064"}],"wp:term":[{"taxonomy":"category","embeddable":true,"href":"https:\/\/lenidavid.com.br\/index.php?rest_route=%2Fwp%2Fv2%2Fcategories&post=4064"},{"taxonomy":"post_tag","embeddable":true,"href":"https:\/\/lenidavid.com.br\/index.php?rest_route=%2Fwp%2Fv2%2Ftags&post=4064"}],"curies":[{"name":"wp","href":"https:\/\/api.w.org\/{rel}","templated":true}]}}