{"id":4229,"date":"2012-08-06T22:02:49","date_gmt":"2012-08-07T01:02:49","guid":{"rendered":"http:\/\/lenidavid.com.br\/?p=4229"},"modified":"2012-08-06T22:02:49","modified_gmt":"2012-08-07T01:02:49","slug":"5a-feira-do-livro-de-feira-de-santana","status":"publish","type":"post","link":"https:\/\/lenidavid.com.br\/?p=4229","title":{"rendered":"5\u00aa Feira do Livro de Feira de Santana"},"content":{"rendered":"<p style=\"text-align: justify;\">\n<p style=\"text-align: center;\"><img loading=\"lazy\" decoding=\"async\" class=\"aligncenter size-full wp-image-4231\" src=\"http:\/\/lenidavid.com.br\/wp-content\/uploads\/2012\/08\/feira_do_livro_anos_anteriores3.jpg\" alt=\"\" width=\"527\" height=\"351\" srcset=\"https:\/\/lenidavid.com.br\/wp-content\/uploads\/2012\/08\/feira_do_livro_anos_anteriores3.jpg 527w, https:\/\/lenidavid.com.br\/wp-content\/uploads\/2012\/08\/feira_do_livro_anos_anteriores3-300x199.jpg 300w, https:\/\/lenidavid.com.br\/wp-content\/uploads\/2012\/08\/feira_do_livro_anos_anteriores3-450x300.jpg 450w\" sizes=\"auto, (max-width: 527px) 100vw, 527px\" \/><\/p>\n<p style=\"text-align: justify;\">Fortalecer a proposta de mobiliza\u00e7\u00e3o da comunidade para fazer da leitura um elemento facilitador da compreens\u00e3o do mundo atrav\u00e9s da participa\u00e7\u00e3o de cada ser na constru\u00e7\u00e3o coletiva da cidadania. \u00a0Esta ser\u00e1 uma das vertentes da 5\u00aa Feira do Livro, evento promovido em parceria entre entidades de Feira de Santana e de Salvador que ser\u00e1 realizada no per\u00edodo de14 a19 de agosto.<\/p>\n<p style=\"text-align: justify;\">Os estandes j\u00e1 come\u00e7aram a ser armados na Pra\u00e7a do F\u00f3rum de Feira de Santana e a expectativa de p\u00fablico \u00e9 de aproximadamente 40 mil pessoas, n\u00famero que representa um acr\u00e9scimo de mais 15 mil visitantes, se comparada \u00e0 edi\u00e7\u00e3o do ano passado.<\/p>\n<p style=\"text-align: justify;\">A Feira tem como objetivo geral mobilizar a comunidade feirense e da regi\u00e3o circunvizinha para a import\u00e2ncia da leitura como elemento facilitador da compreens\u00e3o do mundo e da participa\u00e7\u00e3o de cada ser na constru\u00e7\u00e3o coletiva da cidadania. Espera-se contribuir para articula\u00e7\u00e3o entre os diversos conhecimentos produzidos sobre leitura e forma\u00e7\u00e3o do leitor.<\/p>\n<p style=\"text-align: justify;\">A Feira do Livro nasceu do desejo de educadores em despertar os dirigentes de inst\u00e2ncias p\u00fablicas, privadas e filantr\u00f3picas para a import\u00e2ncia de implementar pol\u00edticas p\u00fablicas do livro e da leitura na sociedade e possibilitar o acesso de pessoas exclu\u00eddas do universo da leitura e de atividades culturais.<\/p>\n<p style=\"text-align: justify;\">O sonho de executar o evento se tornou realidade em 2008, gra\u00e7as \u00e0 uni\u00e3o de esfor\u00e7os da Universidade Estadual de Feira de Santana (Uefs), Arquidiocese de Feira de Santana, Secretaria da Educa\u00e7\u00e3o do Estado (Direc-02), Secretaria Municipal de Educa\u00e7\u00e3o, Servi\u00e7o Social do Com\u00e9rcio de Feira de Santana (Sesc), Servi\u00e7o Social da Ind\u00fastria de Feira de Santana (Sesi), Servi\u00e7o Social do Transporte \/ Servi\u00e7o Nacional de Aprendizagem do Transporte (Sest\/- Senat) e Funda\u00e7\u00e3o Pedro Calmon.<\/p>\n<p style=\"text-align: justify;\">Al\u00e9m da exposi\u00e7\u00e3o e venda de livros, a Feira ter\u00e1 vasta programa\u00e7\u00e3o que envolve lan\u00e7amento de livros; conta\u00e7\u00e3o de hist\u00f3rias e de causos; conversa com o escritor; mesas redondas e palestras; semin\u00e1rio novas letras: outros novos autores; recitais; oficinas; teatro; m\u00fasica; exibi\u00e7\u00e3o de filmes; biblioteca m\u00f3vel; planet\u00e1rio \u2013 Observat\u00f3rio Antares; apresenta\u00e7\u00e3o com fantoches; apresenta\u00e7\u00e3o dos ganhadores do 4\u00ba Festival Anual da Can\u00e7\u00e3o Estudantil (Face) da Rede Estadual de Ensino; apresenta\u00e7\u00e3o dos ganhadores do 3\u00ba Tempos de Arte Liter\u00e1ria ( TAL) da Rede Estadual de Ensino; lan\u00e7amento de editais de premia\u00e7\u00e3o pela Funda\u00e7\u00e3o Pedro Calmon; encontros de escritores, de cordelistas e de m\u00fasica.<\/p>\n<p style=\"text-align: justify;\">Maiores informa\u00e7\u00f5es podem ser obtidas atrav\u00e9s do site: www.uefs.br\/feiradolivro, pelo e-mail feiradolivrouefs@gmail.com e pelos telefones (75) 3161-8154 ou 3161-8254 e da Pr\u00f3-Reitoria de Extens\u00e3o da Uefs.<\/p>\n<p style=\"text-align: justify;\">Ascom\/Uefs<\/p>\n","protected":false},"excerpt":{"rendered":"<p>Fortalecer a proposta de mobiliza\u00e7\u00e3o da comunidade para fazer da leitura um elemento facilitador da compreens\u00e3o do mundo atrav\u00e9s da participa\u00e7\u00e3o de cada ser na constru\u00e7\u00e3o coletiva da cidadania. \u00a0Esta ser\u00e1 uma das vertentes da 5\u00aa Feira do Livro, evento &hellip; <a href=\"https:\/\/lenidavid.com.br\/?p=4229\">Continue lendo <span class=\"meta-nav\">&rarr;<\/span><\/a><\/p>\n","protected":false},"author":1,"featured_media":0,"comment_status":"open","ping_status":"open","sticky":false,"template":"","format":"standard","meta":{"footnotes":""},"categories":[17,9],"tags":[363],"class_list":["post-4229","post","type-post","status-publish","format-standard","hentry","category-feira-de-santana","category-livros","tag-feira-do-livro"],"_links":{"self":[{"href":"https:\/\/lenidavid.com.br\/index.php?rest_route=\/wp\/v2\/posts\/4229","targetHints":{"allow":["GET"]}}],"collection":[{"href":"https:\/\/lenidavid.com.br\/index.php?rest_route=\/wp\/v2\/posts"}],"about":[{"href":"https:\/\/lenidavid.com.br\/index.php?rest_route=\/wp\/v2\/types\/post"}],"author":[{"embeddable":true,"href":"https:\/\/lenidavid.com.br\/index.php?rest_route=\/wp\/v2\/users\/1"}],"replies":[{"embeddable":true,"href":"https:\/\/lenidavid.com.br\/index.php?rest_route=%2Fwp%2Fv2%2Fcomments&post=4229"}],"version-history":[{"count":2,"href":"https:\/\/lenidavid.com.br\/index.php?rest_route=\/wp\/v2\/posts\/4229\/revisions"}],"predecessor-version":[{"id":4232,"href":"https:\/\/lenidavid.com.br\/index.php?rest_route=\/wp\/v2\/posts\/4229\/revisions\/4232"}],"wp:attachment":[{"href":"https:\/\/lenidavid.com.br\/index.php?rest_route=%2Fwp%2Fv2%2Fmedia&parent=4229"}],"wp:term":[{"taxonomy":"category","embeddable":true,"href":"https:\/\/lenidavid.com.br\/index.php?rest_route=%2Fwp%2Fv2%2Fcategories&post=4229"},{"taxonomy":"post_tag","embeddable":true,"href":"https:\/\/lenidavid.com.br\/index.php?rest_route=%2Fwp%2Fv2%2Ftags&post=4229"}],"curies":[{"name":"wp","href":"https:\/\/api.w.org\/{rel}","templated":true}]}}