{"id":4246,"date":"2012-08-09T15:00:01","date_gmt":"2012-08-09T18:00:01","guid":{"rendered":"http:\/\/lenidavid.com.br\/?p=4246"},"modified":"2012-08-09T15:11:45","modified_gmt":"2012-08-09T18:11:45","slug":"centenario-de-jorge-amado-mostra-mergulha-na-vida-e-na-obra-do-escritor-baiano","status":"publish","type":"post","link":"https:\/\/lenidavid.com.br\/?p=4246","title":{"rendered":"Centen\u00e1rio de Jorge Amado &#8211; Mostra mergulha na vida e na obra do escritor baiano"},"content":{"rendered":"<p style=\"text-align: justify;\"><strong>A partir de hoje, 09 de agosto \u00e0s 19h, o p\u00fablico baiano poder\u00e1 participar da abertura da exposi\u00e7\u00e3o \u201cJorge, Amado e Universal\u201d, em cartaz no Museu de Arte Moderna da Bahia (MAM-BA). A mostra, aberta at\u00e9 o dia 14 de outubro, j\u00e1 passou pelo Museu da L\u00edngua Portuguesa, em S\u00e3o Paulo, e atraiu mais de 130 mil pessoas.<\/strong><\/p>\n<p style=\"text-align: center;\"><img loading=\"lazy\" decoding=\"async\" class=\"aligncenter  wp-image-4247\" title=\"Jorge Amado - Foto WEB\" src=\"http:\/\/lenidavid.com.br\/wp-content\/uploads\/2012\/08\/jorge-amado.jpg\" alt=\"\" width=\"580\" height=\"390\" srcset=\"https:\/\/lenidavid.com.br\/wp-content\/uploads\/2012\/08\/jorge-amado.jpg 580w, https:\/\/lenidavid.com.br\/wp-content\/uploads\/2012\/08\/jorge-amado-300x201.jpg 300w, https:\/\/lenidavid.com.br\/wp-content\/uploads\/2012\/08\/jorge-amado-446x300.jpg 446w\" sizes=\"auto, (max-width: 580px) 100vw, 580px\" \/><\/p>\n<p style=\"padding-left: 330px;\">Salvatore Carrozzo<\/p>\n<p style=\"text-align: justify;\">Tereza, Flor, Gabriela, Dora. S\u00e3o muitas e diversas as mulheres de Jorge Amado (1912- 2001). Assim como os homens: Nacib, Vadinho, Pedro Arcanjo&#8230; Eles habitam os romances e o imagin\u00e1rio de leitores no Brasil e no mundo. Todos sa\u00eddos da cabe\u00e7a inventiva do autor, que por sua vez tamb\u00e9m n\u00e3o era um s\u00f3.<\/p>\n<p style=\"text-align: justify;\">As diversas facetas de Jorge \u2013 o escritor, o marido, o pai, o pol\u00edtico, o amigo, o viajante \u2013 s\u00e3o a t\u00f4nica da exposi\u00e7\u00e3o Jorge Amado e Universal, um dos destaques da programa\u00e7\u00e3o do\u00a0 centen\u00e1rio de Jorge, comemorado amanh\u00e3. A mostra tem abertura para convidados, hoje, e para o p\u00fablico, amanh\u00e3. Depois de estrear no Museu da L\u00edngua Portuguesa, em S\u00e3o Paulo, chega ao Museu de Arte Moderna da Bahia, no Solar do Unh\u00e3o.<\/p>\n<p style=\"text-align: justify;\"><strong>Quem \u00e9 Jorge?<\/strong><\/p>\n<p style=\"text-align: justify;\">Para um nome forte da literatura, um time de peso. A dire\u00e7\u00e3o geral \u00e9 de William Nacked, que produziu as exposi\u00e7\u00f5es sobre Clarice Lispector (1920\u20131977) e Gilberto Freyre (1900\u20131987) no Museu da L\u00edngua Portuguesa. A cenografia \u00e9 de Daniela Thomas e Felipe Tassara; e a parte multim\u00eddia foi desenvolvida pela O2 Filmes, do cineasta Fernando Meirelles.<\/p>\n<p style=\"text-align: justify;\">\u201cQuando n\u00f3s come\u00e7amos a montar a exposi\u00e7\u00e3o, eu disse: \u2018ningu\u00e9m conhece Jorge\u2019. Me chamaram de louco. As pessoas conhecem algumas obras de Jorge Amado. Com a mostra, vamos apresentar quem \u00e9 esse Jorge, essa Bahia, esse Brasil, esse mundo\u201d, afirma o diretor, em refer\u00eancia ao contexto s\u00f3cio-hist\u00f3rico.<\/p>\n<p style=\"text-align: justify;\">Jorge Amado e Universal foi dividida em m\u00f3dulos. O primeiro \u00e9 dedicado aos personagens, como Gabriela e Nacib (Gabriela, Cravo e Canela), Pedro Arcanjo (Tenda dos Milagres) e\u00a0 Antonio Baldu\u00edno (Jubiab\u00e1). O segundo espa\u00e7o apresenta a faceta pol\u00edtica do autor, que foi eleito deputado federal por S\u00e3o Paulo no ano de 1945, pelo Partido Comunista Brasileiro.<\/p>\n<p style=\"text-align: justify;\">H\u00e1 ainda espa\u00e7o para a malandragem e a sensualidade presentes nos livros, depoimentos de amigos, artistas e cr\u00edticos, al\u00e9m de uma cronologia da vida do escritor. O visitante pode ver curiosidades, como fotos de Jorge Amado com sua m\u00e3e, Eul\u00e1lia Leal Amado; e escritos originais de Tieta do Agreste.<\/p>\n<p style=\"text-align: justify;\">O custo da exposi\u00e7\u00e3o, em S\u00e3o Paulo e na Bahia, foi de R$ 3 milh\u00f5es, metade foi captado com patroc\u00ednio via Lei Rouanet. O plano \u00e9 fazer com que a mostra fique circulando at\u00e9 2014. No Brasil, j\u00e1 est\u00e3o definidas duas cidades: Recife \u2013 local da pr\u00f3xima etapa \u2013 e Rio de Janeiro. Paris, na Fran\u00e7a, Frankfurt, na Alemanha, e Porto, em Portugal, est\u00e3o em fase de negocia\u00e7\u00e3o.<\/p>\n<p style=\"text-align: justify;\"><strong>M\u00faltiplos<\/strong><\/p>\n<p style=\"text-align: justify;\">A cineasta Cec\u00edlia Amado, neta de Jorge, \u00e9 s\u00f3 alegria para falar da exposi\u00e7\u00e3o. \u201cEst\u00e1 incr\u00edvel. Deram um olhar contempor\u00e2neo, de modo a aproximar meu av\u00f4 das novas gera\u00e7\u00f5es. \u00c9 uma exposi\u00e7\u00e3o sensorial bem completa, todos os detalhes, os sons. Tem at\u00e9 cheiro de cacau torrado\u201d, observa.<\/p>\n<p style=\"text-align: justify;\">Em pouco mais de dois meses, a mostra foi vista por 143 mil pessoas em S\u00e3o Paulo. E a amadomania ultrapassa o Brasil. Neste ano, aumentou o\u00a0 n\u00famero de pedidos de editoras estrangeiras interessadas em editar sua obra.<\/p>\n<p style=\"text-align: justify;\">Para a exposi\u00e7\u00e3o, a equipe do MAM preparou uma programa\u00e7\u00e3o com debates, oficinas, conta\u00e7\u00e3o de hist\u00f3rias e a\u00e7\u00f5es voltadas para o p\u00fablico infanto-juvenil. As atividades podem ser conferidas em www.bahiamam.org. \u201cQuem for na exposi\u00e7\u00e3o vai entrar com um Jorge na cabe\u00e7a e sair com vinte\u201d, afirma William. Bem que dizem: toda leitura \u00e9, na verdade, m\u00faltipla.<\/p>\n<p style=\"text-align: justify;\">Fonte: <a href=\"http:\/\/bahiamam.org\/?p=5373\">MAM<\/a> e <a href=\"http:\/\/www.correio24horas.com.br\/noticias\/detalhes\/detalhes-1\/artigo\/mostra-mergulha-na-vida-intensa-e-na-obra-unica-do-escritor-baiano-jorge-amado\/\">Correio da Bahia<\/a><\/p>\n<p style=\"text-align: justify;\">.<\/p>\n","protected":false},"excerpt":{"rendered":"<p>A partir de hoje, 09 de agosto \u00e0s 19h, o p\u00fablico baiano poder\u00e1 participar da abertura da exposi\u00e7\u00e3o \u201cJorge, Amado e Universal\u201d, em cartaz no Museu de Arte Moderna da Bahia (MAM-BA). A mostra, aberta at\u00e9 o dia 14 de &hellip; <a href=\"https:\/\/lenidavid.com.br\/?p=4246\">Continue lendo <span class=\"meta-nav\">&rarr;<\/span><\/a><\/p>\n","protected":false},"author":1,"featured_media":0,"comment_status":"open","ping_status":"open","sticky":false,"template":"","format":"standard","meta":{"footnotes":""},"categories":[18,1],"tags":[349,845,478,222,348],"class_list":["post-4246","post","type-post","status-publish","format-standard","hentry","category-coisas-da-bahia","category-uncategorized","tag-bahia","tag-centenario-de-jorge-amado","tag-exposicao","tag-homenagem","tag-salvador"],"_links":{"self":[{"href":"https:\/\/lenidavid.com.br\/index.php?rest_route=\/wp\/v2\/posts\/4246","targetHints":{"allow":["GET"]}}],"collection":[{"href":"https:\/\/lenidavid.com.br\/index.php?rest_route=\/wp\/v2\/posts"}],"about":[{"href":"https:\/\/lenidavid.com.br\/index.php?rest_route=\/wp\/v2\/types\/post"}],"author":[{"embeddable":true,"href":"https:\/\/lenidavid.com.br\/index.php?rest_route=\/wp\/v2\/users\/1"}],"replies":[{"embeddable":true,"href":"https:\/\/lenidavid.com.br\/index.php?rest_route=%2Fwp%2Fv2%2Fcomments&post=4246"}],"version-history":[{"count":4,"href":"https:\/\/lenidavid.com.br\/index.php?rest_route=\/wp\/v2\/posts\/4246\/revisions"}],"predecessor-version":[{"id":4249,"href":"https:\/\/lenidavid.com.br\/index.php?rest_route=\/wp\/v2\/posts\/4246\/revisions\/4249"}],"wp:attachment":[{"href":"https:\/\/lenidavid.com.br\/index.php?rest_route=%2Fwp%2Fv2%2Fmedia&parent=4246"}],"wp:term":[{"taxonomy":"category","embeddable":true,"href":"https:\/\/lenidavid.com.br\/index.php?rest_route=%2Fwp%2Fv2%2Fcategories&post=4246"},{"taxonomy":"post_tag","embeddable":true,"href":"https:\/\/lenidavid.com.br\/index.php?rest_route=%2Fwp%2Fv2%2Ftags&post=4246"}],"curies":[{"name":"wp","href":"https:\/\/api.w.org\/{rel}","templated":true}]}}