{"id":4298,"date":"2012-08-28T11:54:46","date_gmt":"2012-08-28T14:54:46","guid":{"rendered":"http:\/\/lenidavid.com.br\/?p=4298"},"modified":"2012-08-28T11:54:46","modified_gmt":"2012-08-28T14:54:46","slug":"exposicao-itinerante-museus-da-bahia-identidade-e-territorios","status":"publish","type":"post","link":"https:\/\/lenidavid.com.br\/?p=4298","title":{"rendered":"Exposi\u00e7\u00e3o Itinerante Museus da Bahia: Identidade e Territ\u00f3rios"},"content":{"rendered":"<p style=\"text-align: justify;\">\n<p style=\"text-align: justify;\"><img loading=\"lazy\" decoding=\"async\" class=\"aligncenter size-full wp-image-4299\" title=\"\" src=\"http:\/\/lenidavid.com.br\/wp-content\/uploads\/2012\/08\/Exposi\u00e7\u00e3o-cid_7fzvxr2s6upt.jpg\" alt=\"\" width=\"521\" height=\"368\" srcset=\"https:\/\/lenidavid.com.br\/wp-content\/uploads\/2012\/08\/Exposi\u00e7\u00e3o-cid_7fzvxr2s6upt.jpg 521w, https:\/\/lenidavid.com.br\/wp-content\/uploads\/2012\/08\/Exposi\u00e7\u00e3o-cid_7fzvxr2s6upt-300x211.jpg 300w, https:\/\/lenidavid.com.br\/wp-content\/uploads\/2012\/08\/Exposi\u00e7\u00e3o-cid_7fzvxr2s6upt-424x300.jpg 424w\" sizes=\"auto, (max-width: 521px) 100vw, 521px\" \/><\/p>\n<p style=\"text-align: justify;\">A partir do dia 03 de setembro, o Centro de Cultura Am\u00e9lio Amorim, localizado em Feira de Santana, abriga a exposi\u00e7\u00e3o itinerante Museus da Bahia: Identidade e Territ\u00f3rios. A mostra \u00e9 uma realiza\u00e7\u00e3o da Diretoria de Museus do Instituto do Patrim\u00f4nio Art\u00edstico e Cultural da Bahia (DIMUS\/IPAC), autarquia da Secretaria de Cultura do Estado, em parceria com o Centro de Cultura e fica em cartaz at\u00e9 28 de setembro, das 8h \u00e0s 21h. A entrada \u00e9 gratuita.<\/p>\n<p style=\"text-align: justify;\">Idealizada pelos muse\u00f3logos Guilherme Figueiredo e Ana Cristina Coelho, a exposi\u00e7\u00e3o apresenta o perfil dos museus vinculados \u00e0 estrutura da DIMUS e das 217 institui\u00e7\u00f5es museais mapeadas no estado. S\u00e3o 23 pain\u00e9is que, atrav\u00e9s de mapas, fotografias e dados estat\u00edsticos, evocam o patrim\u00f4nio integral de 25 territ\u00f3rios de identidade baianos. O total de munic\u00edpios com espa\u00e7os museais, situa\u00e7\u00e3o quanto ao funcionamento e a distribui\u00e7\u00e3o dos museus no estado s\u00e3o algumas das informa\u00e7\u00f5es apresentadas. No territ\u00f3rio Portal do Sert\u00e3o, que inclui Feira de Santana e mais 16 munic\u00edpios, foram mapeados sete espa\u00e7os museais.<\/p>\n<p style=\"text-align: justify;\">Em Salvador, a exposi\u00e7\u00e3o Museus da Bahia: Identidade e Territ\u00f3rios j\u00e1 foi apresentada no Centro de Conven\u00e7\u00f5es, durante a 10\u00aa Bienal do Livro da Bahia, na Pra\u00e7a Municipal, por ocasi\u00e3o da 10\u00aa Semana de Museus, e em escolas dos bairros de Cajazeiras e Itapu\u00e3. A mostra tamb\u00e9m j\u00e1 circulou por Ilh\u00e9us e Vit\u00f3ria da Conquista e nos meses de novembro e dezembro ser\u00e1 montada em Jequi\u00e9 e Porto Seguro.<\/p>\n<p style=\"text-align: justify;\">O Centro de Cultura Am\u00e9lio Amorim fica situado na Av. Presidente Dutra, 2222, Capuchinhos, Feira de Santana. Mais informa\u00e7\u00f5es podem ser obtidas pelo telefone (75) 3625-0572.<\/p>\n<p><strong>Servi\u00e7o<\/strong>:<\/p>\n<p><strong>O que<\/strong>: Exposi\u00e7\u00e3o itinerante Museus da Bahia: Identidade e Territ\u00f3rios<\/p>\n<p><strong>Onde<\/strong>: Centro de Cultura Am\u00e9lio Amorim \u2013 Av. Presidente Dutra, 2222, Capuchinhos, Feira de Santana.<\/p>\n<p><strong>Quando<\/strong>: Abertura dia 03 de setembro. Visita\u00e7\u00e3o at\u00e9 28 de setembro, das 8h \u00e0s 21h. Tel: (71) 3117-6381 (DIMUS). (75) 3625-0572 (Centro de Cultura Am\u00e9lio Amorim).<\/p>\n<p>&nbsp;<\/p>\n","protected":false},"excerpt":{"rendered":"<p>A partir do dia 03 de setembro, o Centro de Cultura Am\u00e9lio Amorim, localizado em Feira de Santana, abriga a exposi\u00e7\u00e3o itinerante Museus da Bahia: Identidade e Territ\u00f3rios. A mostra \u00e9 uma realiza\u00e7\u00e3o da Diretoria de Museus do Instituto do &hellip; <a href=\"https:\/\/lenidavid.com.br\/?p=4298\">Continue lendo <span class=\"meta-nav\">&rarr;<\/span><\/a><\/p>\n","protected":false},"author":1,"featured_media":0,"comment_status":"open","ping_status":"open","sticky":false,"template":"","format":"standard","meta":{"footnotes":""},"categories":[1],"tags":[981,478,1859],"class_list":["post-4298","post","type-post","status-publish","format-standard","hentry","category-uncategorized","tag-centro-de-cultura-amelio-amorim","tag-exposicao","tag-feira-de-santana"],"_links":{"self":[{"href":"https:\/\/lenidavid.com.br\/index.php?rest_route=\/wp\/v2\/posts\/4298","targetHints":{"allow":["GET"]}}],"collection":[{"href":"https:\/\/lenidavid.com.br\/index.php?rest_route=\/wp\/v2\/posts"}],"about":[{"href":"https:\/\/lenidavid.com.br\/index.php?rest_route=\/wp\/v2\/types\/post"}],"author":[{"embeddable":true,"href":"https:\/\/lenidavid.com.br\/index.php?rest_route=\/wp\/v2\/users\/1"}],"replies":[{"embeddable":true,"href":"https:\/\/lenidavid.com.br\/index.php?rest_route=%2Fwp%2Fv2%2Fcomments&post=4298"}],"version-history":[{"count":1,"href":"https:\/\/lenidavid.com.br\/index.php?rest_route=\/wp\/v2\/posts\/4298\/revisions"}],"predecessor-version":[{"id":4300,"href":"https:\/\/lenidavid.com.br\/index.php?rest_route=\/wp\/v2\/posts\/4298\/revisions\/4300"}],"wp:attachment":[{"href":"https:\/\/lenidavid.com.br\/index.php?rest_route=%2Fwp%2Fv2%2Fmedia&parent=4298"}],"wp:term":[{"taxonomy":"category","embeddable":true,"href":"https:\/\/lenidavid.com.br\/index.php?rest_route=%2Fwp%2Fv2%2Fcategories&post=4298"},{"taxonomy":"post_tag","embeddable":true,"href":"https:\/\/lenidavid.com.br\/index.php?rest_route=%2Fwp%2Fv2%2Ftags&post=4298"}],"curies":[{"name":"wp","href":"https:\/\/api.w.org\/{rel}","templated":true}]}}