{"id":4351,"date":"2012-09-11T16:53:22","date_gmt":"2012-09-11T19:53:22","guid":{"rendered":"http:\/\/lenidavid.com.br\/?p=4351"},"modified":"2012-09-11T16:53:22","modified_gmt":"2012-09-11T19:53:22","slug":"fernando-augusto-e-a-exposicao-habitar-no-cuca","status":"publish","type":"post","link":"https:\/\/lenidavid.com.br\/?p=4351","title":{"rendered":"Fernando Augusto e a  Exposi\u00e7\u00e3o \u2018Habitar\u2019 no CUCA"},"content":{"rendered":"<p style=\"text-align: justify;\">\n<p style=\"text-align: center;\"><img loading=\"lazy\" decoding=\"async\" class=\"aligncenter  wp-image-4352\" src=\"http:\/\/lenidavid.com.br\/wp-content\/uploads\/2012\/09\/Habitar-para-divulga\u00e7\u00e3o.jpg\" alt=\"\" width=\"446\" height=\"627\" srcset=\"https:\/\/lenidavid.com.br\/wp-content\/uploads\/2012\/09\/Habitar-para-divulga\u00e7\u00e3o.jpg 557w, https:\/\/lenidavid.com.br\/wp-content\/uploads\/2012\/09\/Habitar-para-divulga\u00e7\u00e3o-213x300.jpg 213w\" sizes=\"auto, (max-width: 446px) 100vw, 446px\" \/><\/p>\n<p style=\"text-align: justify;\">A Universidade Estadual de Feira de Santana (Uefs) atrav\u00e9s do Centro Universit\u00e1rio de Cultura e Arte (Cuca) lan\u00e7a nesta quinta-feira (13) a partir das 20 horas a exposi\u00e7\u00e3o de pintura e fotografia intitulada \u2018Habitar\u2019 do artista pl\u00e1stico Fernando Augusto. Com o objetivo de pensar o universal a partir de lugares comuns das experi\u00eancias e afetos, dos espa\u00e7os em que vivemos, trabalhamos e estabelecemos rela\u00e7\u00f5es, a exposi\u00e7\u00e3o foi sucesso de p\u00fablico em Recife (PE), na Galeria Amparo 60.<\/p>\n<p style=\"text-align: justify;\">Por conta desse sucesso, Fernando Augusto promover\u00e1 um bate-papo durante o coquetel de abertura da exposi\u00e7\u00e3o para apresentar o processo de cria\u00e7\u00e3o dos objetos expostos. A mostra ficar\u00e1 aberta para visita\u00e7\u00e3o na Galeria de Arte Carlo Barbosa at\u00e9 11 de outubro.<\/p>\n<p style=\"text-align: justify;\">Segundo o artista, busca-se enfatizar a visualiza\u00e7\u00e3o de lugares comuns como janelas, cantos de paredes ou o \u00f4nibus a partir de uma rela\u00e7\u00e3o criativa e est\u00e9tica, uma vez que a autonomia da pintura, a partir do abstracionismo informal e geom\u00e9trico, nos leva a pensar que o seu questionamento, hoje, n\u00e3o recai somente no como pintar, mas tamb\u00e9m no que pintar.<\/p>\n<p style=\"text-align: justify;\">Fernando Augusto, baiano natural de Itanh\u00e9m, \u00e9 doutor em Comunica\u00e7\u00e3o e Semi\u00f3tica pela PUC (Pontif\u00edcia Universidade Cat\u00f3lica de S\u00e3o Paulo) e pela L\u00faniversit\u00e9 Paris I &#8211; Sorbonne Fran\u00e7a, e \u00e9 professor do Centro de Arte da Universidade Federal do Esp\u00edrito Santo (UFES).<\/p>\n<p>Ascom\/Uefs<\/p>\n<p>&nbsp;<\/p>\n","protected":false},"excerpt":{"rendered":"<p>A Universidade Estadual de Feira de Santana (Uefs) atrav\u00e9s do Centro Universit\u00e1rio de Cultura e Arte (Cuca) lan\u00e7a nesta quinta-feira (13) a partir das 20 horas a exposi\u00e7\u00e3o de pintura e fotografia intitulada \u2018Habitar\u2019 do artista pl\u00e1stico Fernando Augusto. Com &hellip; <a href=\"https:\/\/lenidavid.com.br\/?p=4351\">Continue lendo <span class=\"meta-nav\">&rarr;<\/span><\/a><\/p>\n","protected":false},"author":1,"featured_media":0,"comment_status":"open","ping_status":"open","sticky":false,"template":"","format":"standard","meta":{"footnotes":""},"categories":[1],"tags":[382,478,1859,1300,6],"class_list":["post-4351","post","type-post","status-publish","format-standard","hentry","category-uncategorized","tag-cuca","tag-exposicao","tag-feira-de-santana","tag-fernando-augusto","tag-fotografia"],"_links":{"self":[{"href":"https:\/\/lenidavid.com.br\/index.php?rest_route=\/wp\/v2\/posts\/4351","targetHints":{"allow":["GET"]}}],"collection":[{"href":"https:\/\/lenidavid.com.br\/index.php?rest_route=\/wp\/v2\/posts"}],"about":[{"href":"https:\/\/lenidavid.com.br\/index.php?rest_route=\/wp\/v2\/types\/post"}],"author":[{"embeddable":true,"href":"https:\/\/lenidavid.com.br\/index.php?rest_route=\/wp\/v2\/users\/1"}],"replies":[{"embeddable":true,"href":"https:\/\/lenidavid.com.br\/index.php?rest_route=%2Fwp%2Fv2%2Fcomments&post=4351"}],"version-history":[{"count":2,"href":"https:\/\/lenidavid.com.br\/index.php?rest_route=\/wp\/v2\/posts\/4351\/revisions"}],"predecessor-version":[{"id":4354,"href":"https:\/\/lenidavid.com.br\/index.php?rest_route=\/wp\/v2\/posts\/4351\/revisions\/4354"}],"wp:attachment":[{"href":"https:\/\/lenidavid.com.br\/index.php?rest_route=%2Fwp%2Fv2%2Fmedia&parent=4351"}],"wp:term":[{"taxonomy":"category","embeddable":true,"href":"https:\/\/lenidavid.com.br\/index.php?rest_route=%2Fwp%2Fv2%2Fcategories&post=4351"},{"taxonomy":"post_tag","embeddable":true,"href":"https:\/\/lenidavid.com.br\/index.php?rest_route=%2Fwp%2Fv2%2Ftags&post=4351"}],"curies":[{"name":"wp","href":"https:\/\/api.w.org\/{rel}","templated":true}]}}