{"id":4364,"date":"2012-09-12T14:15:07","date_gmt":"2012-09-12T17:15:07","guid":{"rendered":"http:\/\/lenidavid.com.br\/?p=4364"},"modified":"2012-09-12T14:15:07","modified_gmt":"2012-09-12T17:15:07","slug":"revista-sitientibus-educacao-especial","status":"publish","type":"post","link":"https:\/\/lenidavid.com.br\/?p=4364","title":{"rendered":"Revista Sitientibus &#8211; Educa\u00e7\u00e3o Especial"},"content":{"rendered":"<p style=\"text-align: justify;\" align=\"center\">\n<p style=\"text-align: center;\" align=\"center\"><img loading=\"lazy\" decoding=\"async\" class=\"aligncenter size-full wp-image-4365\" title=\"revista sitientibus - capa\" src=\"http:\/\/lenidavid.com.br\/wp-content\/uploads\/2012\/09\/revista_sitientibus_44_capa.jpg\" alt=\"\" width=\"525\" height=\"395\" srcset=\"https:\/\/lenidavid.com.br\/wp-content\/uploads\/2012\/09\/revista_sitientibus_44_capa.jpg 525w, https:\/\/lenidavid.com.br\/wp-content\/uploads\/2012\/09\/revista_sitientibus_44_capa-300x225.jpg 300w, https:\/\/lenidavid.com.br\/wp-content\/uploads\/2012\/09\/revista_sitientibus_44_capa-398x300.jpg 398w\" sizes=\"auto, (max-width: 525px) 100vw, 525px\" \/><\/p>\n<p style=\"text-align: justify;\">A Universidade Estadual de Feira de Santana lan\u00e7a, nesta quinta-feira (13), a 44\u00aa edi\u00e7\u00e3o da Sitientibus. A revista cont\u00e9m 11 artigos de professores da Uefs e de outras institui\u00e7\u00f5es, todos com tem\u00e1tica no campo da Educa\u00e7\u00e3o Especial.\u00a0 Esta edi\u00e7\u00e3o tem a participa\u00e7\u00e3o de professores do Grupo de Estudo e Pesquisaem Educa\u00e7\u00e3o Especial(Gepee\/Uefs), representado pelas docentes Marilda Carneiro e Zenilda de Jesus.<\/p>\n<p style=\"text-align: justify;\">Editor da revista e coordenador do Programa Interuniversit\u00e1rio para Distribui\u00e7\u00e3o do Livro (PIDL\/Uefs), o professor Raymundo Luiz Lopes revelou que a esta edi\u00e7\u00e3o foi apresentada ao p\u00fablico, \u201ccom excelente repercuss\u00e3o\u201d, em 31 de agosto na 3\u00aa Reuni\u00e3o Anual dos Projetos Capes: Proesp\/Procad-NF, realizada na Faculdade de Educa\u00e7\u00e3o da Ufba,em Salvador. Naoportunidade, Raymundo Luiz discorreu sobre a hist\u00f3ria da revista, que em 2013 vai completar 30 anos.<\/p>\n<p style=\"text-align: justify;\">A capa foi ilustrada pelo artista pl\u00e1stico Gemicr\u00ea Nascimento e a contra-capa cont\u00e9m fotografia de autoria de George Lima.<\/p>\n<p style=\"text-align: justify;\">Na Uefs, o lan\u00e7amento da 44\u00aa edi\u00e7\u00e3o da Sitientibus integra as atividades da Semana de Pedagogia. Ser\u00e1 no audit\u00f3rio do m\u00f3dulo 4, campus universit\u00e1rio, \u00e0s 10h30 desta quinta-feira.<\/p>\n<p>Ascom\/Uefs<\/p>\n<p>&nbsp;<\/p>\n","protected":false},"excerpt":{"rendered":"<p>A Universidade Estadual de Feira de Santana lan\u00e7a, nesta quinta-feira (13), a 44\u00aa edi\u00e7\u00e3o da Sitientibus. A revista cont\u00e9m 11 artigos de professores da Uefs e de outras institui\u00e7\u00f5es, todos com tem\u00e1tica no campo da Educa\u00e7\u00e3o Especial.\u00a0 Esta edi\u00e7\u00e3o tem &hellip; <a href=\"https:\/\/lenidavid.com.br\/?p=4364\">Continue lendo <span class=\"meta-nav\">&rarr;<\/span><\/a><\/p>\n","protected":false},"author":1,"featured_media":0,"comment_status":"open","ping_status":"open","sticky":false,"template":"","format":"standard","meta":{"footnotes":""},"categories":[1],"tags":[1304,1859,1303,413],"class_list":["post-4364","post","type-post","status-publish","format-standard","hentry","category-uncategorized","tag-educacao-especial","tag-feira-de-santana","tag-revista-sitientibus","tag-uefs"],"_links":{"self":[{"href":"https:\/\/lenidavid.com.br\/index.php?rest_route=\/wp\/v2\/posts\/4364","targetHints":{"allow":["GET"]}}],"collection":[{"href":"https:\/\/lenidavid.com.br\/index.php?rest_route=\/wp\/v2\/posts"}],"about":[{"href":"https:\/\/lenidavid.com.br\/index.php?rest_route=\/wp\/v2\/types\/post"}],"author":[{"embeddable":true,"href":"https:\/\/lenidavid.com.br\/index.php?rest_route=\/wp\/v2\/users\/1"}],"replies":[{"embeddable":true,"href":"https:\/\/lenidavid.com.br\/index.php?rest_route=%2Fwp%2Fv2%2Fcomments&post=4364"}],"version-history":[{"count":1,"href":"https:\/\/lenidavid.com.br\/index.php?rest_route=\/wp\/v2\/posts\/4364\/revisions"}],"predecessor-version":[{"id":4366,"href":"https:\/\/lenidavid.com.br\/index.php?rest_route=\/wp\/v2\/posts\/4364\/revisions\/4366"}],"wp:attachment":[{"href":"https:\/\/lenidavid.com.br\/index.php?rest_route=%2Fwp%2Fv2%2Fmedia&parent=4364"}],"wp:term":[{"taxonomy":"category","embeddable":true,"href":"https:\/\/lenidavid.com.br\/index.php?rest_route=%2Fwp%2Fv2%2Fcategories&post=4364"},{"taxonomy":"post_tag","embeddable":true,"href":"https:\/\/lenidavid.com.br\/index.php?rest_route=%2Fwp%2Fv2%2Ftags&post=4364"}],"curies":[{"name":"wp","href":"https:\/\/api.w.org\/{rel}","templated":true}]}}