{"id":4375,"date":"2012-09-19T22:02:50","date_gmt":"2012-09-20T01:02:50","guid":{"rendered":"http:\/\/lenidavid.com.br\/?p=4375"},"modified":"2012-11-03T12:09:18","modified_gmt":"2012-11-03T15:09:18","slug":"4375","status":"publish","type":"post","link":"https:\/\/lenidavid.com.br\/?p=4375","title":{"rendered":"Turismo social &#8211; SESC"},"content":{"rendered":"<p>&nbsp;<\/p>\n<p style=\"text-align: center;\"><img loading=\"lazy\" decoding=\"async\" class=\"aligncenter size-full wp-image-4376\" title=\"Sesc\" src=\"http:\/\/lenidavid.com.br\/wp-content\/uploads\/2012\/09\/Sesc1.jpg\" alt=\"\" width=\"353\" height=\"189\" srcset=\"https:\/\/lenidavid.com.br\/wp-content\/uploads\/2012\/09\/Sesc1.jpg 353w, https:\/\/lenidavid.com.br\/wp-content\/uploads\/2012\/09\/Sesc1-300x160.jpg 300w\" sizes=\"auto, (max-width: 353px) 100vw, 353px\" \/><\/p>\n<p align=\"center\"><strong>FERIAD\u00c3O DE NOSSA SENHORA APARECIDA<\/strong><\/p>\n<h1 align=\"center\"><strong>\u00a0\u00a0\u00a0\u00a0\u00a0\u00a0\u00a0\u00a0\u00a0\u00a0\u00a0\u00a0\u00a0 S\u00edtio do Conde com Passeio de Escuna a Mangue Seco<\/strong><\/h1>\n<h1 align=\"center\"><strong>\u00a0\u00a0\u00a0\u00a0\u00a0\u00a0\u00a0\u00a0\u00a0\u00a0\u00a0 11 A 14\/10\/12 (5\u00aa feira a domingo)<\/strong><\/h1>\n<p><strong><span style=\"text-decoration: underline;\">Dia 11.10.2012 &#8211; quinta-feira<\/span><\/strong><\/p>\n<p>18h00 &#8211; Sa\u00edda do SESC Feira de Santana<strong><\/strong><\/p>\n<p>20h00 &#8211; Chegada prevista em S\u00edtio do Conde<\/p>\n<p>Acomoda\u00e7\u00e3o no Hotel Coco Beach<\/p>\n<p>Jantar no hotel (incluso)<\/p>\n<h6><span style=\"text-decoration: underline;\">\u00a0<\/span><\/h6>\n<h6><strong><span style=\"text-decoration: underline;\">Dia 12.10.2012 &#8211; <\/span><span style=\"text-decoration: underline;\">sexta-feira<\/span><\/strong><\/h6>\n<p>Caf\u00e9 da manh\u00e3<\/p>\n<p>09h30 &#8211; Sa\u00edda para Terra Caida (SE)<\/p>\n<p>Passeio de Escuna para <a href=\"http:\/\/www.aquatur.com.br\/escuna_gazzela_roteiro_um.html\">Mangue Seco<\/a><\/p>\n<p>Almo\u00e7o (incluso)<\/p>\n<p>Tempo para passeio de bugre nas dunas de Mangue Seco<\/p>\n<p>17h00 &#8211; Retorno ao hotel<\/p>\n<p>Jantar (incluso)<\/p>\n<h4><strong>\u00a0<\/strong><\/h4>\n<h4><strong><span style=\"text-decoration: underline;\">Dia 13.10.2012 &#8211; <\/span><span style=\"text-decoration: underline;\">s\u00e1bado<\/span><\/strong><\/h4>\n<p>Caf\u00e9 da manh\u00e3<\/p>\n<p>09h00 \u2013 Livre no hotel<\/p>\n<p>Almo\u00e7o no hotel (incluso)<\/p>\n<p>Tarde livre &#8211; Livre no hotel<\/p>\n<p>Jantar (incluso)<\/p>\n<h4><span style=\"text-decoration: underline;\">\u00a0<\/span><\/h4>\n<h4><strong><span style=\"text-decoration: underline;\">Dia 14.10.2012 &#8211; domingo<\/span><\/strong><\/h4>\n<p>Caf\u00e9 da manh\u00e3<\/p>\n<p>09h00 &#8211; Livre<\/p>\n<p>Almo\u00e7o (incluso)<\/p>\n<p>16h00 \u2013 Sa\u00edda para Feira de Santana<\/p>\n<p>18h00 &#8211; Previs\u00e3o de chegada em Feira de Santana<\/p>\n<p><strong><em>* Programa\u00e7\u00e3o sujeita a altera\u00e7\u00f5es.<\/em><\/strong><\/p>\n<p style=\"text-align: justify;\"><strong>O pacote oferece: <\/strong>Transporte em \u00f4nibus de turismo, servi\u00e7o de bordo, guia acompanhante, acomoda\u00e7\u00f5es em apartamentos duplos ou triplos com ar-condicionado, televis\u00e3o, frigobar, varanda com rede, mesa com 2 cadeiras, chuveiro quente, arm\u00e1rio caf\u00e9 da manh\u00e3, 3 jantares e 2 almo\u00e7os no hotel, 1 almo\u00e7o na escuna, passeios descritos na programa\u00e7\u00e3o c\/ acompanhamento de guia tur\u00edstico cadastrado no Minist\u00e9rio do Turismo, seguro individual de viagem e brindes.<\/p>\n<table width=\"652\" border=\"0\" cellspacing=\"0\" cellpadding=\"0\">\n<tbody>\n<tr>\n<td valign=\"bottom\" nowrap=\"nowrap\" width=\"208\"><\/td>\n<td nowrap=\"nowrap\" width=\"98\"><\/td>\n<td valign=\"bottom\" nowrap=\"nowrap\" width=\"95\">\n<p align=\"center\">\n<\/td>\n<td valign=\"top\" nowrap=\"nowrap\" width=\"138\">\n<p align=\"center\"><strong><\/strong><\/p>\n<\/td>\n<td valign=\"bottom\" nowrap=\"nowrap\" width=\"113\"><\/td>\n<\/tr>\n<tr>\n<td valign=\"bottom\" nowrap=\"nowrap\" width=\"208\"><\/td>\n<td valign=\"bottom\" nowrap=\"nowrap\" width=\"98\"><\/td>\n<td valign=\"bottom\" nowrap=\"nowrap\" width=\"95\">\n<p align=\"center\">\n<\/td>\n<td valign=\"bottom\" nowrap=\"nowrap\" width=\"138\">\n<p align=\"center\">\n<\/td>\n<td valign=\"bottom\" nowrap=\"nowrap\" width=\"113\"><em>\u00a0<\/em><\/td>\n<\/tr>\n<tr>\n<td valign=\"bottom\" nowrap=\"nowrap\" width=\"208\"><\/td>\n<td valign=\"bottom\" nowrap=\"nowrap\" width=\"98\"><\/td>\n<td valign=\"bottom\" nowrap=\"nowrap\" width=\"95\">\n<p align=\"center\">\n<\/td>\n<td valign=\"bottom\" nowrap=\"nowrap\" width=\"138\">\n<p align=\"center\">\n<\/td>\n<td valign=\"bottom\" nowrap=\"nowrap\" width=\"113\"><\/td>\n<\/tr>\n<tr>\n<td valign=\"bottom\" nowrap=\"nowrap\" width=\"208\"><\/td>\n<td valign=\"bottom\" nowrap=\"nowrap\" width=\"98\"><\/td>\n<td valign=\"bottom\" nowrap=\"nowrap\" width=\"95\">\n<p align=\"center\">\n<\/td>\n<td valign=\"bottom\" nowrap=\"nowrap\" width=\"138\">\n<p align=\"center\">\n<\/td>\n<td valign=\"bottom\" nowrap=\"nowrap\" width=\"113\"><\/td>\n<\/tr>\n<\/tbody>\n<\/table>\n","protected":false},"excerpt":{"rendered":"<p>&nbsp; FERIAD\u00c3O DE NOSSA SENHORA APARECIDA \u00a0\u00a0\u00a0\u00a0\u00a0\u00a0\u00a0\u00a0\u00a0\u00a0\u00a0\u00a0\u00a0 S\u00edtio do Conde com Passeio de Escuna a Mangue Seco \u00a0\u00a0\u00a0\u00a0\u00a0\u00a0\u00a0\u00a0\u00a0\u00a0\u00a0 11 A 14\/10\/12 (5\u00aa feira a domingo) Dia 11.10.2012 &#8211; quinta-feira 18h00 &#8211; Sa\u00edda do SESC Feira de Santana 20h00 &#8211; Chegada &hellip; <a href=\"https:\/\/lenidavid.com.br\/?p=4375\">Continue lendo <span class=\"meta-nav\">&rarr;<\/span><\/a><\/p>\n","protected":false},"author":1,"featured_media":0,"comment_status":"open","ping_status":"open","sticky":false,"template":"","format":"standard","meta":{"footnotes":""},"categories":[1],"tags":[1310,613,1309],"class_list":["post-4375","post","type-post","status-publish","format-standard","hentry","category-uncategorized","tag-feriado-12-de-outubro","tag-sesc","tag-turismo-social"],"_links":{"self":[{"href":"https:\/\/lenidavid.com.br\/index.php?rest_route=\/wp\/v2\/posts\/4375","targetHints":{"allow":["GET"]}}],"collection":[{"href":"https:\/\/lenidavid.com.br\/index.php?rest_route=\/wp\/v2\/posts"}],"about":[{"href":"https:\/\/lenidavid.com.br\/index.php?rest_route=\/wp\/v2\/types\/post"}],"author":[{"embeddable":true,"href":"https:\/\/lenidavid.com.br\/index.php?rest_route=\/wp\/v2\/users\/1"}],"replies":[{"embeddable":true,"href":"https:\/\/lenidavid.com.br\/index.php?rest_route=%2Fwp%2Fv2%2Fcomments&post=4375"}],"version-history":[{"count":4,"href":"https:\/\/lenidavid.com.br\/index.php?rest_route=\/wp\/v2\/posts\/4375\/revisions"}],"predecessor-version":[{"id":4497,"href":"https:\/\/lenidavid.com.br\/index.php?rest_route=\/wp\/v2\/posts\/4375\/revisions\/4497"}],"wp:attachment":[{"href":"https:\/\/lenidavid.com.br\/index.php?rest_route=%2Fwp%2Fv2%2Fmedia&parent=4375"}],"wp:term":[{"taxonomy":"category","embeddable":true,"href":"https:\/\/lenidavid.com.br\/index.php?rest_route=%2Fwp%2Fv2%2Fcategories&post=4375"},{"taxonomy":"post_tag","embeddable":true,"href":"https:\/\/lenidavid.com.br\/index.php?rest_route=%2Fwp%2Fv2%2Ftags&post=4375"}],"curies":[{"name":"wp","href":"https:\/\/api.w.org\/{rel}","templated":true}]}}