{"id":4425,"date":"2012-10-02T01:24:28","date_gmt":"2012-10-02T04:24:28","guid":{"rendered":"http:\/\/lenidavid.com.br\/?p=4425"},"modified":"2012-10-02T01:25:34","modified_gmt":"2012-10-02T04:25:34","slug":"dois-poemas-de-roberval-pereyr","status":"publish","type":"post","link":"https:\/\/lenidavid.com.br\/?p=4425","title":{"rendered":"Dois poemas de Roberval Pereyr"},"content":{"rendered":"<p>&nbsp;<\/p>\n<h1 style=\"padding-left: 120px;\">\u00d3rbitas<\/h1>\n<p style=\"padding-left: 60px;\">\u00a0O tempo \u00e9 uma louca velha<\/p>\n<p style=\"padding-left: 60px;\">delirando por dentro das mem\u00f3rias<\/p>\n<p style=\"padding-left: 60px;\">(Mas \u00e9 tamb\u00e9m um monte de v\u00edcios,<\/p>\n<p style=\"padding-left: 60px;\">um punhado de p\u00f3<\/p>\n<p style=\"padding-left: 60px;\">e uma festa).<\/p>\n<p style=\"padding-left: 60px;\">\n<h2 style=\"padding-left: 90px;\"><strong>CONVITE<\/strong><\/h2>\n<p style=\"padding-left: 60px;\">Se vieres ao templo<\/p>\n<p style=\"padding-left: 60px;\">me ver\u00e1s despido<\/p>\n<p style=\"padding-left: 60px;\">sem nenhum sentido,<\/p>\n<p style=\"padding-left: 60px;\">sem altar, sentado<\/p>\n<p style=\"padding-left: 60px;\">s\u00f3, comodamente,<\/p>\n<p style=\"padding-left: 60px;\">manso como as feras<\/p>\n<p style=\"padding-left: 60px;\">saciadas.<\/p>\n<p>Poemas extra\u00eddos da obra antol\u00f3gica AM\u00c1LGAMA;NAS PRAIAS DO AVESSO E POESIA ANTERIOR.\u00a0 Salvador: SCT\/ Funda\u00e7\u00e3o Cultural de Estado de Bahia, 2004.\u00a0 266 p.\u00a0 (Cole\u00e7\u00e3o Selo Editorial Letras da Bahia, 95).<\/p>\n","protected":false},"excerpt":{"rendered":"<p>&nbsp; \u00d3rbitas \u00a0O tempo \u00e9 uma louca velha delirando por dentro das mem\u00f3rias (Mas \u00e9 tamb\u00e9m um monte de v\u00edcios, um punhado de p\u00f3 e uma festa). CONVITE Se vieres ao templo me ver\u00e1s despido sem nenhum sentido, sem altar, &hellip; <a href=\"https:\/\/lenidavid.com.br\/?p=4425\">Continue lendo <span class=\"meta-nav\">&rarr;<\/span><\/a><\/p>\n","protected":false},"author":1,"featured_media":0,"comment_status":"open","ping_status":"open","sticky":false,"template":"","format":"standard","meta":{"footnotes":""},"categories":[14],"tags":[5,1858,338],"class_list":["post-4425","post","type-post","status-publish","format-standard","hentry","category-poemas-e-poetas","tag-literatura","tag-poemas-e-poetas","tag-roberval-pereyr"],"_links":{"self":[{"href":"https:\/\/lenidavid.com.br\/index.php?rest_route=\/wp\/v2\/posts\/4425","targetHints":{"allow":["GET"]}}],"collection":[{"href":"https:\/\/lenidavid.com.br\/index.php?rest_route=\/wp\/v2\/posts"}],"about":[{"href":"https:\/\/lenidavid.com.br\/index.php?rest_route=\/wp\/v2\/types\/post"}],"author":[{"embeddable":true,"href":"https:\/\/lenidavid.com.br\/index.php?rest_route=\/wp\/v2\/users\/1"}],"replies":[{"embeddable":true,"href":"https:\/\/lenidavid.com.br\/index.php?rest_route=%2Fwp%2Fv2%2Fcomments&post=4425"}],"version-history":[{"count":2,"href":"https:\/\/lenidavid.com.br\/index.php?rest_route=\/wp\/v2\/posts\/4425\/revisions"}],"predecessor-version":[{"id":4427,"href":"https:\/\/lenidavid.com.br\/index.php?rest_route=\/wp\/v2\/posts\/4425\/revisions\/4427"}],"wp:attachment":[{"href":"https:\/\/lenidavid.com.br\/index.php?rest_route=%2Fwp%2Fv2%2Fmedia&parent=4425"}],"wp:term":[{"taxonomy":"category","embeddable":true,"href":"https:\/\/lenidavid.com.br\/index.php?rest_route=%2Fwp%2Fv2%2Fcategories&post=4425"},{"taxonomy":"post_tag","embeddable":true,"href":"https:\/\/lenidavid.com.br\/index.php?rest_route=%2Fwp%2Fv2%2Ftags&post=4425"}],"curies":[{"name":"wp","href":"https:\/\/api.w.org\/{rel}","templated":true}]}}