{"id":4432,"date":"2012-10-05T01:49:19","date_gmt":"2012-10-05T04:49:19","guid":{"rendered":"http:\/\/lenidavid.com.br\/?p=4432"},"modified":"2012-10-05T01:50:34","modified_gmt":"2012-10-05T04:50:34","slug":"professores-das-universidades-estaduais-da-bahia-fazem-acao-conjunta-pela-valorizacao-da-carreira-docente","status":"publish","type":"post","link":"https:\/\/lenidavid.com.br\/?p=4432","title":{"rendered":"Professores das universidades estaduais da Bahia fazem a\u00e7\u00e3o conjunta pela valoriza\u00e7\u00e3o da carreira docente"},"content":{"rendered":"<p style=\"text-align: justify;\">\n<p style=\"text-align: justify;\"><img loading=\"lazy\" decoding=\"async\" class=\"aligncenter size-full wp-image-4434\" title=\"adufs\" src=\"http:\/\/lenidavid.com.br\/wp-content\/uploads\/2012\/10\/adufs.jpg\" alt=\"\" width=\"388\" height=\"518\" \/><\/p>\n<p style=\"text-align: justify;\">Nesta sexta-feira, 5, os professores das quatro Universidades Estaduais da Bahia far\u00e3o uma a\u00e7\u00e3o conjunta no Facebook. Neste dia, &#8220;vamos todos substituir a foto do nosso perfil pelo cartaz de reivindica\u00e7\u00e3o da categoria. A arte j\u00e1 est\u00e1 dispon\u00edvel no site da Adufs&#8221;.<\/p>\n<p style=\"text-align: justify;\">\u00a0&#8220;Colabore com a discuss\u00e3o, postando durante o dia frases e links sobre a luta dos professores das universidades estaduais da Bahia pela valoriza\u00e7\u00e3o da carreira docente e por melhores sal\u00e1rios. Compartilhe, convide amigos, colegas de trabalho, familiares e simpatizantes das reivindica\u00e7\u00f5es do Movimento Docente (MD)&#8221;, \u00e9 o apelo.<\/p>\n<p style=\"text-align: justify;\">J\u00e1 na segunda-feira, 8, ser\u00e1 &#8220;a vez de agirmos, todos juntos, no Twitter&#8221;. A a\u00e7\u00e3o acontece das 10h30 \u00e0s 11h30. Copie e cole a hashtag #reajustej\u00e1 no seu Twitter e depois escreva uma frase sobre a luta do MD pela valoriza\u00e7\u00e3o da carreira acad\u00eamica e melhores sal\u00e1rios.<\/p>\n<p>Fonte: Informativo Adufs<\/p>\n<p>&nbsp;<\/p>\n","protected":false},"excerpt":{"rendered":"<p>Nesta sexta-feira, 5, os professores das quatro Universidades Estaduais da Bahia far\u00e3o uma a\u00e7\u00e3o conjunta no Facebook. Neste dia, &#8220;vamos todos substituir a foto do nosso perfil pelo cartaz de reivindica\u00e7\u00e3o da categoria. A arte j\u00e1 est\u00e1 dispon\u00edvel no site &hellip; <a href=\"https:\/\/lenidavid.com.br\/?p=4432\">Continue lendo <span class=\"meta-nav\">&rarr;<\/span><\/a><\/p>\n","protected":false},"author":1,"featured_media":0,"comment_status":"open","ping_status":"open","sticky":false,"template":"","format":"standard","meta":{"footnotes":""},"categories":[1],"tags":[1334,349,1335],"class_list":["post-4432","post","type-post","status-publish","format-standard","hentry","category-uncategorized","tag-adufs","tag-bahia","tag-universidades-estaduais-baianas"],"_links":{"self":[{"href":"https:\/\/lenidavid.com.br\/index.php?rest_route=\/wp\/v2\/posts\/4432","targetHints":{"allow":["GET"]}}],"collection":[{"href":"https:\/\/lenidavid.com.br\/index.php?rest_route=\/wp\/v2\/posts"}],"about":[{"href":"https:\/\/lenidavid.com.br\/index.php?rest_route=\/wp\/v2\/types\/post"}],"author":[{"embeddable":true,"href":"https:\/\/lenidavid.com.br\/index.php?rest_route=\/wp\/v2\/users\/1"}],"replies":[{"embeddable":true,"href":"https:\/\/lenidavid.com.br\/index.php?rest_route=%2Fwp%2Fv2%2Fcomments&post=4432"}],"version-history":[{"count":2,"href":"https:\/\/lenidavid.com.br\/index.php?rest_route=\/wp\/v2\/posts\/4432\/revisions"}],"predecessor-version":[{"id":4435,"href":"https:\/\/lenidavid.com.br\/index.php?rest_route=\/wp\/v2\/posts\/4432\/revisions\/4435"}],"wp:attachment":[{"href":"https:\/\/lenidavid.com.br\/index.php?rest_route=%2Fwp%2Fv2%2Fmedia&parent=4432"}],"wp:term":[{"taxonomy":"category","embeddable":true,"href":"https:\/\/lenidavid.com.br\/index.php?rest_route=%2Fwp%2Fv2%2Fcategories&post=4432"},{"taxonomy":"post_tag","embeddable":true,"href":"https:\/\/lenidavid.com.br\/index.php?rest_route=%2Fwp%2Fv2%2Ftags&post=4432"}],"curies":[{"name":"wp","href":"https:\/\/api.w.org\/{rel}","templated":true}]}}