{"id":4511,"date":"2012-11-08T11:51:29","date_gmt":"2012-11-08T14:51:29","guid":{"rendered":"http:\/\/lenidavid.com.br\/?p=4511"},"modified":"2012-11-08T11:51:29","modified_gmt":"2012-11-08T14:51:29","slug":"divulgacao","status":"publish","type":"post","link":"https:\/\/lenidavid.com.br\/?p=4511","title":{"rendered":"Divulga\u00e7\u00e3o"},"content":{"rendered":"<p style=\"text-align: justify;\">\n<p style=\"text-align: center;\"><strong>Manifesta\u00e7\u00e3o p\u00fablica em favor dos \u00edndios Guarani-Kaiow\u00e1 em<\/strong><\/p>\n<p style=\"text-align: center;\"><strong>Feira de Santana-BA<\/strong><\/p>\n<p style=\"text-align: justify;\">Dia 09 de novembro, sexta-feira, foi a data escolhida para manifesta\u00e7\u00e3o p\u00fablica nacional em favor dos \u00edndios Guarani-Kaiow\u00e1. Aqui em Feira de Santana,Ba, o ato p\u00fablico ser\u00e1 \u00e0s 07:30h da manh\u00e3, no cruzamento da Av. Jo\u00e3o Durval com a Presidente Dutra, na cal\u00e7ada central em meio \u00e0s pistas.<\/p>\n<p style=\"text-align: justify;\">Nossas 170 cruzes brancas j\u00e1 est\u00e3o prontas, assim como faixas e banners e contamos com a disposi\u00e7\u00e3o de cada um de voc\u00eas para fazer esta causa conhecida em Feira e no Brasil. Que possamos fazer ecoar nossa voz e entender que a hist\u00f3ria de um pa\u00eds acontece quando seu povo \u00e9 ativo. Lembrando de usar blusa-camisa preta, adere\u00e7o ind\u00edgena (se tiver), pintura no rosto como os \u00edndios. At\u00e9 sexta!<\/p>\n<p>Jaqueline Guarani Kaiow\u00e1 Umanzor<\/p>\n<p>&nbsp;<\/p>\n","protected":false},"excerpt":{"rendered":"<p>Manifesta\u00e7\u00e3o p\u00fablica em favor dos \u00edndios Guarani-Kaiow\u00e1 em Feira de Santana-BA Dia 09 de novembro, sexta-feira, foi a data escolhida para manifesta\u00e7\u00e3o p\u00fablica nacional em favor dos \u00edndios Guarani-Kaiow\u00e1. Aqui em Feira de Santana,Ba, o ato p\u00fablico ser\u00e1 \u00e0s 07:30h &hellip; <a href=\"https:\/\/lenidavid.com.br\/?p=4511\">Continue lendo <span class=\"meta-nav\">&rarr;<\/span><\/a><\/p>\n","protected":false},"author":1,"featured_media":0,"comment_status":"open","ping_status":"open","sticky":false,"template":"","format":"standard","meta":{"footnotes":""},"categories":[1],"tags":[1859,1358,1360],"class_list":["post-4511","post","type-post","status-publish","format-standard","hentry","category-uncategorized","tag-feira-de-santana","tag-guarani-kaiowa","tag-manifestacao"],"_links":{"self":[{"href":"https:\/\/lenidavid.com.br\/index.php?rest_route=\/wp\/v2\/posts\/4511","targetHints":{"allow":["GET"]}}],"collection":[{"href":"https:\/\/lenidavid.com.br\/index.php?rest_route=\/wp\/v2\/posts"}],"about":[{"href":"https:\/\/lenidavid.com.br\/index.php?rest_route=\/wp\/v2\/types\/post"}],"author":[{"embeddable":true,"href":"https:\/\/lenidavid.com.br\/index.php?rest_route=\/wp\/v2\/users\/1"}],"replies":[{"embeddable":true,"href":"https:\/\/lenidavid.com.br\/index.php?rest_route=%2Fwp%2Fv2%2Fcomments&post=4511"}],"version-history":[{"count":2,"href":"https:\/\/lenidavid.com.br\/index.php?rest_route=\/wp\/v2\/posts\/4511\/revisions"}],"predecessor-version":[{"id":4513,"href":"https:\/\/lenidavid.com.br\/index.php?rest_route=\/wp\/v2\/posts\/4511\/revisions\/4513"}],"wp:attachment":[{"href":"https:\/\/lenidavid.com.br\/index.php?rest_route=%2Fwp%2Fv2%2Fmedia&parent=4511"}],"wp:term":[{"taxonomy":"category","embeddable":true,"href":"https:\/\/lenidavid.com.br\/index.php?rest_route=%2Fwp%2Fv2%2Fcategories&post=4511"},{"taxonomy":"post_tag","embeddable":true,"href":"https:\/\/lenidavid.com.br\/index.php?rest_route=%2Fwp%2Fv2%2Ftags&post=4511"}],"curies":[{"name":"wp","href":"https:\/\/api.w.org\/{rel}","templated":true}]}}