{"id":4654,"date":"2012-12-30T00:13:12","date_gmt":"2012-12-30T03:13:12","guid":{"rendered":"http:\/\/lenidavid.com.br\/?p=4654"},"modified":"2012-12-30T00:29:38","modified_gmt":"2012-12-30T03:29:38","slug":"ano-novo","status":"publish","type":"post","link":"https:\/\/lenidavid.com.br\/?p=4654","title":{"rendered":"Ano Novo!"},"content":{"rendered":"<p>&nbsp;<\/p>\n<p style=\"padding-left: 240px;\">Idmar Boaventura<\/p>\n<p style=\"padding-left: 60px;\">Bendito seja Janeiro,<\/p>\n<p style=\"padding-left: 60px;\">que nos d\u00e1 a chance de come\u00e7ar\u00a0\u00a0\u00a0\u00a0 \u00a0\u00a0\u00a0\u00a0\u00a0\u00a0\u00a0\u00a0de\u00a0\u00a0\u00a0 \u00a0\u00a0\u00a0\u00a0\u00a0\u00a0novo.<\/p>\n<p style=\"padding-left: 60px;\">Dezembro \u00e9 crep\u00fasculo. Tem gosto<\/p>\n<p style=\"padding-left: 60px;\">de coisas velhas guardadas na gaveta<\/p>\n<p style=\"padding-left: 60px;\">com as luzinhas da \u00e1rvore de natal.<\/p>\n<p style=\"padding-left: 60px;\">Dezembro, m\u00eas de balan\u00e7o,<\/p>\n<p style=\"padding-left: 60px;\">\u00e9 cansa\u00e7o, desencanto.<\/p>\n<p style=\"padding-left: 60px;\">O que n\u00e3o se fez. O que n\u00e3o se cumpriu.<\/p>\n<p style=\"padding-left: 60px;\">O que poderia ter sido.<\/p>\n<p style=\"padding-left: 60px;\">.<\/p>\n<p style=\"padding-left: 60px;\">Mas quando Janeiro, menino,<\/p>\n<p style=\"padding-left: 60px;\">desponta\u00a0 no horizonte,<\/p>\n<p style=\"padding-left: 60px;\">com sua roupa branca e cheiro de mar,<\/p>\n<p style=\"padding-left: 60px;\">tudo se renova:<\/p>\n<p style=\"padding-left: 60px;\">aquela dieta, o guarda-roupa, desencontros, amores:<\/p>\n<p style=\"padding-left: 60px;\">tudo que havemos de ser,<\/p>\n<p style=\"padding-left: 60px;\">ainda que n\u00e3o seja.<\/p>\n<p style=\"padding-left: 60px;\">E assim, ano\u00a0\u00a0\u00a0\u00a0\u00a0\u00a0\u00a0\u00a0\u00a0 a\u00a0\u00a0\u00a0\u00a0\u00a0\u00a0 \u00a0\u00a0\u00a0\u00a0ano,<\/p>\n<p style=\"padding-left: 60px;\">Janeiro nos rejuvenesce,<\/p>\n<p style=\"padding-left: 60px;\">com sua por\u00e7\u00e3o generosa<\/p>\n<p style=\"padding-left: 60px;\">de esperan\u00e7a.<\/p>\n<div id=\"attachment_4656\" style=\"width: 538px\" class=\"wp-caption aligncenter\"><img loading=\"lazy\" decoding=\"async\" aria-describedby=\"caption-attachment-4656\" class=\"size-full wp-image-4656\" title=\"Foto: Leni David\" src=\"http:\/\/lenidavid.com.br\/wp-content\/uploads\/2012\/12\/LuaItaparica1.jpg\" alt=\"\" width=\"528\" height=\"396\" srcset=\"https:\/\/lenidavid.com.br\/wp-content\/uploads\/2012\/12\/LuaItaparica1.jpg 528w, https:\/\/lenidavid.com.br\/wp-content\/uploads\/2012\/12\/LuaItaparica1-300x225.jpg 300w, https:\/\/lenidavid.com.br\/wp-content\/uploads\/2012\/12\/LuaItaparica1-400x300.jpg 400w\" sizes=\"auto, (max-width: 528px) 100vw, 528px\" \/><p id=\"caption-attachment-4656\" class=\"wp-caption-text\">A lua cheia (sobre a Ba\u00eda de Todos os Santos) vista de Itaparica; ao fundo, as luzes de Salvador.<\/p><\/div>\n<p>Fonte: Disson\u00e2ncias no espelho \u2013 <a href=\"http:\/\/idmarboaventura.blogspot.com.br\/2012\/12\/bendito-seja-janeiro.html?spref=tw\">aqui <\/a><\/p>\n<p>&nbsp;<\/p>\n","protected":false},"excerpt":{"rendered":"<p>&nbsp; Idmar Boaventura Bendito seja Janeiro, que nos d\u00e1 a chance de come\u00e7ar\u00a0\u00a0\u00a0\u00a0 \u00a0\u00a0\u00a0\u00a0\u00a0\u00a0\u00a0\u00a0de\u00a0\u00a0\u00a0 \u00a0\u00a0\u00a0\u00a0\u00a0\u00a0novo. Dezembro \u00e9 crep\u00fasculo. Tem gosto de coisas velhas guardadas na gaveta com as luzinhas da \u00e1rvore de natal. Dezembro, m\u00eas de balan\u00e7o, \u00e9 cansa\u00e7o, desencanto. &hellip; <a href=\"https:\/\/lenidavid.com.br\/?p=4654\">Continue lendo <span class=\"meta-nav\">&rarr;<\/span><\/a><\/p>\n","protected":false},"author":1,"featured_media":0,"comment_status":"open","ping_status":"open","sticky":false,"template":"","format":"standard","meta":{"footnotes":""},"categories":[263,14],"tags":[509,349,1405,1858,25],"class_list":["post-4654","post","type-post","status-publish","format-standard","hentry","category-festas","category-poemas-e-poetas","tag-ano-novo","tag-bahia","tag-idmar-boaventura","tag-poemas-e-poetas","tag-poesia"],"_links":{"self":[{"href":"https:\/\/lenidavid.com.br\/index.php?rest_route=\/wp\/v2\/posts\/4654","targetHints":{"allow":["GET"]}}],"collection":[{"href":"https:\/\/lenidavid.com.br\/index.php?rest_route=\/wp\/v2\/posts"}],"about":[{"href":"https:\/\/lenidavid.com.br\/index.php?rest_route=\/wp\/v2\/types\/post"}],"author":[{"embeddable":true,"href":"https:\/\/lenidavid.com.br\/index.php?rest_route=\/wp\/v2\/users\/1"}],"replies":[{"embeddable":true,"href":"https:\/\/lenidavid.com.br\/index.php?rest_route=%2Fwp%2Fv2%2Fcomments&post=4654"}],"version-history":[{"count":7,"href":"https:\/\/lenidavid.com.br\/index.php?rest_route=\/wp\/v2\/posts\/4654\/revisions"}],"predecessor-version":[{"id":4658,"href":"https:\/\/lenidavid.com.br\/index.php?rest_route=\/wp\/v2\/posts\/4654\/revisions\/4658"}],"wp:attachment":[{"href":"https:\/\/lenidavid.com.br\/index.php?rest_route=%2Fwp%2Fv2%2Fmedia&parent=4654"}],"wp:term":[{"taxonomy":"category","embeddable":true,"href":"https:\/\/lenidavid.com.br\/index.php?rest_route=%2Fwp%2Fv2%2Fcategories&post=4654"},{"taxonomy":"post_tag","embeddable":true,"href":"https:\/\/lenidavid.com.br\/index.php?rest_route=%2Fwp%2Fv2%2Ftags&post=4654"}],"curies":[{"name":"wp","href":"https:\/\/api.w.org\/{rel}","templated":true}]}}