{"id":4777,"date":"2013-02-03T00:26:37","date_gmt":"2013-02-03T03:26:37","guid":{"rendered":"http:\/\/lenidavid.com.br\/?p=4777"},"modified":"2013-02-03T00:26:37","modified_gmt":"2013-02-03T03:26:37","slug":"juraci-dorea-monta-obra-em-madeira-e-couro-para-a-uefs","status":"publish","type":"post","link":"https:\/\/lenidavid.com.br\/?p=4777","title":{"rendered":"Juraci D\u00f3rea monta obra em  madeira e couro para a Uefs"},"content":{"rendered":"<p>&nbsp;<\/p>\n<div id=\"attachment_4778\" style=\"width: 539px\" class=\"wp-caption aligncenter\"><img loading=\"lazy\" decoding=\"async\" aria-describedby=\"caption-attachment-4778\" class=\"size-full wp-image-4778\" alt=\"juraci_dorea_montagem_obra_\" src=\"http:\/\/lenidavid.com.br\/wp-content\/uploads\/2013\/02\/juraci_dorea1_montagem_obra_out_2007.jpg\" width=\"529\" height=\"344\" srcset=\"https:\/\/lenidavid.com.br\/wp-content\/uploads\/2013\/02\/juraci_dorea1_montagem_obra_out_2007.jpg 529w, https:\/\/lenidavid.com.br\/wp-content\/uploads\/2013\/02\/juraci_dorea1_montagem_obra_out_2007-300x195.jpg 300w, https:\/\/lenidavid.com.br\/wp-content\/uploads\/2013\/02\/juraci_dorea1_montagem_obra_out_2007-461x300.jpg 461w\" sizes=\"auto, (max-width: 529px) 100vw, 529px\" \/><p id=\"caption-attachment-4778\" class=\"wp-caption-text\">Juraci D\u00f3rea &#8211; Montagem de Escultura no campus da Uefs &#8211; 2007. Foto: Edvan Barbosa &#8211; Ascom\/Uefs<\/p><\/div>\n<p>O artista pl\u00e1stico Juraci D\u00f3rea confecciona uma nova obra de arte para exposi\u00e7\u00e3o no campus da Universidade Estadual de Feira de Santana (Uefs). Mais uma vez, ele vai retratar o cotidiano do homem nordestino com escultura em madeira e couro.<\/p>\n<p style=\"text-align: justify;\">Uma obra semelhante, com cerca de cinco metros de altura, foi montada no campus por D\u00f3rea em outubro de 2007, por ocasi\u00e3o da 2\u00ba Confer\u00eancia de Cultura da Bahia. A estrutura foi destru\u00edda pela a\u00e7\u00e3o do tempo, \u201co que j\u00e1 era esperado para uma obra ef\u00eamera\u201d, conforme explica Juraci D\u00f3rea. O trabalho, afirmou, integrou o Projeto Terra, que teve a participa\u00e7\u00e3o de diversos artistas pl\u00e1sticos e consistiu na exposi\u00e7\u00e3o de obras ao ar livre.<\/p>\n<p style=\"text-align: justify;\">\u201cNestes quase cinco anos, registramos, com fotografias e filmagens, o processo de transforma\u00e7\u00e3o e observamos as modifica\u00e7\u00f5es apresentadas, assim como fizeram outros artistas que participaram do Projeto Terra\u201d. Dentre as curiosidades observadas, o artista chama a aten\u00e7\u00e3o para o uso da estrutura por animais, como p\u00e1ssaros que constru\u00edram ninhos.<\/p>\n<p style=\"text-align: justify;\">Um trabalho art\u00edstico sobre o mesmo tema, de autoria de Juraci D\u00f3rea, integra o aspecto visual do centro de Feira de Santana. A madeira e o couro s\u00e3o retratados em estrutura de ferro nas cores cinza e amarelo. Est\u00e1 situada em frente \u00e0 Prefeitura Municipal, na pra\u00e7a Jo\u00e3o Pedreira.<\/p>\n<p style=\"text-align: justify;\">Professor do Departamento de Letras e Artes da Uefs, Juraci D\u00f3rea Falc\u00e3o \u00e9 graduado em Arquitetura pela Universidade Federal da Bahia (Ufba). \u00c9 pintor, desenhista, fot\u00f3grafo e programador visual, com exposi\u00e7\u00e3o de obras no Brasil e no exterior.<\/p>\n<p>\u00a0Fonte: Ascom\/Uefs<\/p>\n<div id=\"attachment_4779\" style=\"width: 349px\" class=\"wp-caption aligncenter\"><img loading=\"lazy\" decoding=\"async\" aria-describedby=\"caption-attachment-4779\" class=\"size-full wp-image-4779\" alt=\"terceira_escultura_do_tanque_novo_1993_projeto_terra\" src=\"http:\/\/lenidavid.com.br\/wp-content\/uploads\/2013\/02\/terceira_escultura_do_tanque_novo_1993_projeto_terra.jpg\" width=\"339\" height=\"511\" srcset=\"https:\/\/lenidavid.com.br\/wp-content\/uploads\/2013\/02\/terceira_escultura_do_tanque_novo_1993_projeto_terra.jpg 339w, https:\/\/lenidavid.com.br\/wp-content\/uploads\/2013\/02\/terceira_escultura_do_tanque_novo_1993_projeto_terra-199x300.jpg 199w\" sizes=\"auto, (max-width: 339px) 100vw, 339px\" \/><p id=\"caption-attachment-4779\" class=\"wp-caption-text\">1. Terceira Escultura do Tanque Novo, 1993, Projeto Terra.<br \/>Direitos autorais: Enciclop\u00e9dia Ita\u00fa Cultural &#8211; Artes Visuais<\/p><\/div>\n<p style=\"text-align: center;\">\n<p>&nbsp;<\/p>\n","protected":false},"excerpt":{"rendered":"<p>&nbsp; O artista pl\u00e1stico Juraci D\u00f3rea confecciona uma nova obra de arte para exposi\u00e7\u00e3o no campus da Universidade Estadual de Feira de Santana (Uefs). Mais uma vez, ele vai retratar o cotidiano do homem nordestino com escultura em madeira e &hellip; <a href=\"https:\/\/lenidavid.com.br\/?p=4777\">Continue lendo <span class=\"meta-nav\">&rarr;<\/span><\/a><\/p>\n","protected":false},"author":1,"featured_media":0,"comment_status":"open","ping_status":"open","sticky":false,"template":"","format":"standard","meta":{"footnotes":""},"categories":[184],"tags":[349,1859,353,1437,413],"class_list":["post-4777","post","type-post","status-publish","format-standard","hentry","category-artes-plasticas","tag-bahia","tag-feira-de-santana","tag-juraci-dorea","tag-projeto-terra","tag-uefs"],"_links":{"self":[{"href":"https:\/\/lenidavid.com.br\/index.php?rest_route=\/wp\/v2\/posts\/4777","targetHints":{"allow":["GET"]}}],"collection":[{"href":"https:\/\/lenidavid.com.br\/index.php?rest_route=\/wp\/v2\/posts"}],"about":[{"href":"https:\/\/lenidavid.com.br\/index.php?rest_route=\/wp\/v2\/types\/post"}],"author":[{"embeddable":true,"href":"https:\/\/lenidavid.com.br\/index.php?rest_route=\/wp\/v2\/users\/1"}],"replies":[{"embeddable":true,"href":"https:\/\/lenidavid.com.br\/index.php?rest_route=%2Fwp%2Fv2%2Fcomments&post=4777"}],"version-history":[{"count":1,"href":"https:\/\/lenidavid.com.br\/index.php?rest_route=\/wp\/v2\/posts\/4777\/revisions"}],"predecessor-version":[{"id":4780,"href":"https:\/\/lenidavid.com.br\/index.php?rest_route=\/wp\/v2\/posts\/4777\/revisions\/4780"}],"wp:attachment":[{"href":"https:\/\/lenidavid.com.br\/index.php?rest_route=%2Fwp%2Fv2%2Fmedia&parent=4777"}],"wp:term":[{"taxonomy":"category","embeddable":true,"href":"https:\/\/lenidavid.com.br\/index.php?rest_route=%2Fwp%2Fv2%2Fcategories&post=4777"},{"taxonomy":"post_tag","embeddable":true,"href":"https:\/\/lenidavid.com.br\/index.php?rest_route=%2Fwp%2Fv2%2Ftags&post=4777"}],"curies":[{"name":"wp","href":"https:\/\/api.w.org\/{rel}","templated":true}]}}