{"id":4840,"date":"2013-02-19T16:49:11","date_gmt":"2013-02-19T19:49:11","guid":{"rendered":"http:\/\/lenidavid.com.br\/?p=4840"},"modified":"2013-02-19T16:49:11","modified_gmt":"2013-02-19T19:49:11","slug":"uefs-inscreve-para-o-mestrado-em-planejamento-territorial","status":"publish","type":"post","link":"https:\/\/lenidavid.com.br\/?p=4840","title":{"rendered":"Uefs inscreve para o mestrado em Planejamento Territorial"},"content":{"rendered":"<p>&nbsp;<\/p>\n<p align=\"center\">\n<p style=\"text-align: justify;\">A Universidade Estadual de Feira de Santana inscreve at\u00e9 25 de fevereiro para a sele\u00e7\u00e3o do Mestrado Profissional em Planejamento Territorial, destinado a portadores de diploma de n\u00edvel superior. Das 25 vagas oferecidas, 15 s\u00e3o reservadas a servidores estaduais da Bahia. No caso de n\u00e3o preenchimento, essas vagas ficar\u00e3o dispon\u00edveis para o p\u00fablico em geral.<\/p>\n<p style=\"text-align: justify;\">Os procedimentos para inscri\u00e7\u00e3o est\u00e3o dispon\u00edveis em edital publicado no site <a href=\"http:\/\/www.uefs.br\">www.uefs.br<\/a>, \u00a0nas se\u00e7\u00f5es Not\u00edcias e Editais.<\/p>\n<p style=\"text-align: justify;\">O mestrado tem duas linhas de pesquisa. Na primeira, \u201cPol\u00edticas p\u00fablicas, planejamento territorial e participa\u00e7\u00e3o social\u201d, ser\u00e1 abordada a rela\u00e7\u00e3o entre as pol\u00edticas p\u00fablicas, desde a g\u00eanese at\u00e9 a execu\u00e7\u00e3o dos projetos e programas, com o planejamento territorial nas diversas escalas. Na outra, \u201cPlanejamento territorial e geoprocessamento\u201d, o objetivo \u00e9 realizar estudos de ordenamento territorial tendo por base a interface entre a sociedade e a natureza.<\/p>\n<p style=\"text-align: justify;\">Outras informa\u00e7\u00f5es atrav\u00e9s dos telefones (75) 3161-8142 e 3161-8211 ou pelo e-mail: <a href=\"mailto:mppt@uefs.br\">mppt@uefs.br<\/a>.<\/p>\n<p>Ascom\/Uefs<\/p>\n<p>&nbsp;<\/p>\n","protected":false},"excerpt":{"rendered":"<p>&nbsp; A Universidade Estadual de Feira de Santana inscreve at\u00e9 25 de fevereiro para a sele\u00e7\u00e3o do Mestrado Profissional em Planejamento Territorial, destinado a portadores de diploma de n\u00edvel superior. Das 25 vagas oferecidas, 15 s\u00e3o reservadas a servidores estaduais &hellip; <a href=\"https:\/\/lenidavid.com.br\/?p=4840\">Continue lendo <span class=\"meta-nav\">&rarr;<\/span><\/a><\/p>\n","protected":false},"author":1,"featured_media":0,"comment_status":"open","ping_status":"open","sticky":false,"template":"","format":"standard","meta":{"footnotes":""},"categories":[17,138],"tags":[1859,1460,413],"class_list":["post-4840","post","type-post","status-publish","format-standard","hentry","category-feira-de-santana","category-utilidade-publica","tag-feira-de-santana","tag-mestrado-em-planejamento-territorial","tag-uefs"],"_links":{"self":[{"href":"https:\/\/lenidavid.com.br\/index.php?rest_route=\/wp\/v2\/posts\/4840","targetHints":{"allow":["GET"]}}],"collection":[{"href":"https:\/\/lenidavid.com.br\/index.php?rest_route=\/wp\/v2\/posts"}],"about":[{"href":"https:\/\/lenidavid.com.br\/index.php?rest_route=\/wp\/v2\/types\/post"}],"author":[{"embeddable":true,"href":"https:\/\/lenidavid.com.br\/index.php?rest_route=\/wp\/v2\/users\/1"}],"replies":[{"embeddable":true,"href":"https:\/\/lenidavid.com.br\/index.php?rest_route=%2Fwp%2Fv2%2Fcomments&post=4840"}],"version-history":[{"count":1,"href":"https:\/\/lenidavid.com.br\/index.php?rest_route=\/wp\/v2\/posts\/4840\/revisions"}],"predecessor-version":[{"id":4841,"href":"https:\/\/lenidavid.com.br\/index.php?rest_route=\/wp\/v2\/posts\/4840\/revisions\/4841"}],"wp:attachment":[{"href":"https:\/\/lenidavid.com.br\/index.php?rest_route=%2Fwp%2Fv2%2Fmedia&parent=4840"}],"wp:term":[{"taxonomy":"category","embeddable":true,"href":"https:\/\/lenidavid.com.br\/index.php?rest_route=%2Fwp%2Fv2%2Fcategories&post=4840"},{"taxonomy":"post_tag","embeddable":true,"href":"https:\/\/lenidavid.com.br\/index.php?rest_route=%2Fwp%2Fv2%2Ftags&post=4840"}],"curies":[{"name":"wp","href":"https:\/\/api.w.org\/{rel}","templated":true}]}}