{"id":4879,"date":"2013-03-17T17:57:35","date_gmt":"2013-03-17T20:57:35","guid":{"rendered":"http:\/\/lenidavid.com.br\/?p=4879"},"modified":"2013-03-17T17:59:28","modified_gmt":"2013-03-17T20:59:28","slug":"cem-vezes-vinicius-de-moraes","status":"publish","type":"post","link":"https:\/\/lenidavid.com.br\/?p=4879","title":{"rendered":"Cem vezes Vinicius de Moraes"},"content":{"rendered":"<p>&nbsp;<\/p>\n<p style=\"padding-left: 330px;\"><b>\u00a0<\/b><i>Lu\u00eds Pimentel<\/i><\/p>\n<p style=\"text-align: justify;\">Letrista\/poeta? Poeta\/letrista? Aqui, a ordem das letras n\u00e3o altera os versos. E o grande compositor da MPB que ficou conhecido como Poetinha n\u00e3o rivaliza com o grande poeta que, juntamente com parceiros musicais do gabarito de Tom Jobim, Baden Powell, Carlos Lyra ou Toquinho criou momentos preciosos do nosso cancioneiro.<\/p>\n<p style=\"text-align: justify;\">Tamb\u00e9m advogado, diplomata, cronista, cr\u00edtico de cinema, dramaturgo, cidad\u00e3o do mundo e amigo de seus amigos em todas as horas, Vinicius de Moraes, o grande brasileiro de quem este ano se festeja o centen\u00e1rio, botou a poesia no centro dos acontecimentos, mesmo tendo sido perseguido pela burocracia do Itamarati \u2013 por ser poeta \u2013 e depois pelos poetas mais conservadores \u2013 por escrever letras de m\u00fasica popular. Independente da data redonda, Vinicius ser\u00e1 sempre lembrado por suas can\u00e7\u00f5es, que n\u00e3o param de merecer regrava\u00e7\u00f5es, e tamb\u00e9m pelo relan\u00e7amento de sua obra liter\u00e1ria ou a remontagem de seu musical cl\u00e1ssico, <i>Orfeu do Carnaval<\/i>.<\/p>\n<p style=\"text-align: justify;\">Vinicius de Moraes ressuscitou a parceria, que andava fora de moda, a necessidade do m\u00fasico sem muita intimidade com a palavra se juntar a um poeta em busca da complementa\u00e7\u00e3o da obra de arte. Dos primeiros sucessos ao lado de Tom Jobim na d\u00e9cada de 50, onde surgiram p\u00e9rolas como <i>Garota de Ipanema<\/i>, <i>Se todos fossem iguais a voc\u00ea<\/i>, <i>Chega de saudade<\/i> e <i>Eu sei que vou te amar<\/i>, os \u201cafro-sambas\u201d com Baden, at\u00e9 o casamento com Toquinho, consolidado com <i>Tarde em Itapo\u00e3<\/i>, o poeta se firmou como uma das maiores voca\u00e7\u00f5es de letrista que j\u00e1 vimos.<\/p>\n<p style=\"text-align: justify;\">Vinicius nasceu no dia 19 de outubro de 1913, no Rio de Janeiro, mesma cidade onde morreu, em 1980. Consta que era um menino bonito. Tinha olhos verdes, \u201ctalvez ausentes, mas determinados como se vissem logo adiante um grande dever a cumprir e o tempo fosse pouco\u201d, como declarou certa feita sua irm\u00e3 mais velha, Laetitia. Deixou muitas vi\u00favas e in\u00fameros discos gravados. Tamb\u00e9m se destacou na cria\u00e7\u00e3o de trilhas sonoras, tendo deixado pelo menos cinco LPs com esses registros.<\/p>\n<p style=\"text-align: justify;\">Trabalhador, criativo e prof\u00edcuo, foi um g\u00eanio da ra\u00e7a.<\/p>\n<p>&nbsp;<\/p>\n<p>&nbsp;<\/p>\n","protected":false},"excerpt":{"rendered":"<p>&nbsp; \u00a0Lu\u00eds Pimentel Letrista\/poeta? Poeta\/letrista? Aqui, a ordem das letras n\u00e3o altera os versos. E o grande compositor da MPB que ficou conhecido como Poetinha n\u00e3o rivaliza com o grande poeta que, juntamente com parceiros musicais do gabarito de Tom &hellip; <a href=\"https:\/\/lenidavid.com.br\/?p=4879\">Continue lendo <span class=\"meta-nav\">&rarr;<\/span><\/a><\/p>\n","protected":false},"author":1,"featured_media":0,"comment_status":"open","ping_status":"open","sticky":false,"template":"","format":"standard","meta":{"footnotes":""},"categories":[13],"tags":[148,441],"class_list":["post-4879","post","type-post","status-publish","format-standard","hentry","category-homenagens","tag-luis-pimentel","tag-vinicius-de-moraes"],"_links":{"self":[{"href":"https:\/\/lenidavid.com.br\/index.php?rest_route=\/wp\/v2\/posts\/4879","targetHints":{"allow":["GET"]}}],"collection":[{"href":"https:\/\/lenidavid.com.br\/index.php?rest_route=\/wp\/v2\/posts"}],"about":[{"href":"https:\/\/lenidavid.com.br\/index.php?rest_route=\/wp\/v2\/types\/post"}],"author":[{"embeddable":true,"href":"https:\/\/lenidavid.com.br\/index.php?rest_route=\/wp\/v2\/users\/1"}],"replies":[{"embeddable":true,"href":"https:\/\/lenidavid.com.br\/index.php?rest_route=%2Fwp%2Fv2%2Fcomments&post=4879"}],"version-history":[{"count":3,"href":"https:\/\/lenidavid.com.br\/index.php?rest_route=\/wp\/v2\/posts\/4879\/revisions"}],"predecessor-version":[{"id":4881,"href":"https:\/\/lenidavid.com.br\/index.php?rest_route=\/wp\/v2\/posts\/4879\/revisions\/4881"}],"wp:attachment":[{"href":"https:\/\/lenidavid.com.br\/index.php?rest_route=%2Fwp%2Fv2%2Fmedia&parent=4879"}],"wp:term":[{"taxonomy":"category","embeddable":true,"href":"https:\/\/lenidavid.com.br\/index.php?rest_route=%2Fwp%2Fv2%2Fcategories&post=4879"},{"taxonomy":"post_tag","embeddable":true,"href":"https:\/\/lenidavid.com.br\/index.php?rest_route=%2Fwp%2Fv2%2Ftags&post=4879"}],"curies":[{"name":"wp","href":"https:\/\/api.w.org\/{rel}","templated":true}]}}