{"id":5039,"date":"2013-06-08T18:46:25","date_gmt":"2013-06-08T21:46:25","guid":{"rendered":"http:\/\/lenidavid.com.br\/?p=5039"},"modified":"2013-06-08T18:46:25","modified_gmt":"2013-06-08T21:46:25","slug":"mostra-de-cenas-das-oficinas-de-teatro-do-cuca","status":"publish","type":"post","link":"https:\/\/lenidavid.com.br\/?p=5039","title":{"rendered":"Mostra de cenas das oficinas de teatro do Cuca"},"content":{"rendered":"<p><b>\u00a0<\/b><\/p>\n<p style=\"text-align: justify;\"><b>10 a 14 de junho <\/b><\/p>\n<p style=\"text-align: justify;\">A Universidade Estadual de Feira de Santana e o CUCA \u2013 Centro Universit\u00e1rio atrav\u00e9s da Coordena\u00e7\u00e3o das Oficinas de Teatro do Cuca \u2013 realizam a MOSTRA DE CENAS DA TOCA 2013.1 \u2013 Uma semana repleta de exerc\u00edcios e cenas teatrais realizados pelos nossos alunos, totalizando 16 apresenta\u00e7\u00f5es voltadas a todos os p\u00fablicos.<\/p>\n<p style=\"text-align: justify;\">A plat\u00e9ia poder\u00e1 apreciar pequenas mostras do que foi trabalhado em sala de aula pelas crian\u00e7as, adolescentes e adultos das Oficinas de Teatro do Cuca atrav\u00e9s de esquetes que tem variados temas. Mais uma vez o p\u00fablico poder\u00e1 participar da Campanha de Doa\u00e7\u00e3o de Alimentos atrav\u00e9s da troca de ingresso por um quilo de alimento n\u00e3o perec\u00edvel.<\/p>\n<p style=\"text-align: justify;\">Contando com uma equipe de renomados professores e artistas de teatro, o Teatro Oficina do Cuca \u2013 TOCA &#8211; apresenta uma semana inteira de divers\u00e3o e arte para a comunidade. Acompanhe a programa\u00e7\u00e3o:<\/p>\n<p>&nbsp;<\/p>\n<p><strong>DIA: 10 DE JUNHO DE 2013<\/strong><\/p>\n<p><b>HOR\u00c1RIO: A partir das 18:30h<\/b><\/p>\n<p><b>1 &#8211; ESPET\u00c1CULO: N\u00c3O BULA COMIGO<\/b><\/p>\n<p>DIRE\u00c7\u00c3O: Ive-Anne Stanchi<\/p>\n<p>RELEASE: O texto criado de forma descontra\u00edda a partir de cenas, textos, reda\u00e7\u00f5es e depoimentos trazidos pelos alunos para tratar de um assunto hoje t\u00e3o importante e t\u00e3o presente no cotidiano de todos, o bulling.<\/p>\n<p><b>2 &#8211; ESPET\u00c1CULO: LAMPI\u00c3OZINHO E AS FUL\u00d4<\/b><\/p>\n<p>DIRE\u00c7\u00c3O: Geovane Mascarenhas<\/p>\n<p>RELEASE: Apresenta\u00e7\u00e3o da primeira cena do espet\u00e1culo que conta a hist\u00f3ria do pequeno Lampi\u00e3o que fugindo de cangaceiros, pretende criar um ex\u00e9rcito poderoso para acabar com as injusti\u00e7as do povo sertanejo.<\/p>\n<p><b>3 &#8211; ESPET\u00c1CULO: GR\u00c3OZINHO<\/b><\/p>\n<p>DIRE\u00c7\u00c3O: Ive-Anne Stanchi<\/p>\n<p>RELEASE: Gr\u00e3ozinho \u00e9 um gr\u00e3o de areia que nunca saiu do deserto onde vive e com a ajuda de suas grandes amigas Granita e Granota, vai fazer de tudo ara realizar o seu grande sonho&#8230; Conhecer o mundo!<\/p>\n<p>&nbsp;<\/p>\n<p><strong>DIA: 11 DE JUNHO DE 2013<\/strong><\/p>\n<p>HOR\u00c1RIO: A partir das 18:30h<\/p>\n<p><b>1 &#8211; ESPET\u00c1CULO: OXE, \u00c9 QUASE UMA ESPET\u00c1CULO!<\/b><\/p>\n<p>DIRE\u00c7\u00c3O: Andr\u00e9ia F\u00e1bia<\/p>\n<p>RELEASE: O texto aborda situa\u00e7\u00f5es do cotidiano de moradores de um bairro popular, que mais parecem fazer parte de um roteiro para novela das oito<\/p>\n<p>&nbsp;<\/p>\n<p><b>2 &#8211; ESPET\u00c1CULO: \u201cNGM\u201d ME INTENDE\u201d<\/b><\/p>\n<p>DIRE\u00c7\u00c3O: Denise Chaves<\/p>\n<p>RELEASE: Cenas constru\u00eddas \\ improvisadas \\ selecionadas pelo grupo a partir do tema &#8220;ADOLESCER\u201d com textos elaborados pelos alunos.<\/p>\n<p><b>3 &#8211; ESPET\u00c1CULO: QUE BICHO \u00c9 ESSE?!<\/b><\/p>\n<p>DIRE\u00c7\u00c3O: Andr\u00e9ia F\u00e1bia<\/p>\n<p>RELEASE: Conjunto de esquetes que trata da rela\u00e7\u00e3o dos adolescentes com o mundo, afinal, que \u201cbicho\u201d \u00e9 esse, que cresce e de repente a gente desconhece?<\/p>\n<p><b>4 &#8211; ESPET\u00c1CULO: A SERRA DOS \u201cDOIS PORQU\u00caS\u201d<\/b><\/p>\n<p>DIRE\u00c7\u00c3O: Denise Chaves<\/p>\n<p>RELEASE: Cinco mon\u00f3logos escolhidos pelo grupo intercalados por quadros criados a partir do t\u00edtulo: &#8220;A Serra dos &#8220;Dois Porqu\u00eas&#8221;.<\/p>\n<p><b>5 &#8211; ESPET\u00c1CULO: UMA F\u00c1BULA SOBRE O TEMPO<\/b><\/p>\n<p>DIRE\u00c7\u00c3O: Andr\u00e9ia F\u00e1bia<\/p>\n<p>RELEASE: Livremente inspirado no texto \u201cO Reino Adormecido\u201d de Leo Cunha, o texto apresenta um rei ego\u00edsta que por uma decep\u00e7\u00e3o pessoal, decreta que o tempo e as emo\u00e7\u00f5es, parem de passar. Propondo de maneira c\u00f4mica uma rela\u00e7\u00e3o do homem, do poder e do tempo.<\/p>\n<p>&nbsp;<\/p>\n<p><strong>DIA: 12 DE JUNHO DE 2013<\/strong><\/p>\n<p>HOR\u00c1RIO: A partir das 19:00h<\/p>\n<p><b>1 &#8211; ESPET\u00c1CULO: GERA\u00c7\u00c3O Z \u2013 GAROTAS ONLINE<\/b><\/p>\n<p>DIRE\u00c7\u00c3O: Lene Costa<\/p>\n<p>RELEASE: Quais s\u00e3o os limites de um adolescente conectado durante 24 horas em redes sociais? Essa e outras quest\u00f5es ser\u00e3o abordadas nessa mostra de cena.<\/p>\n<p><b>2 &#8211; ESPET\u00c1CULO: QUAL \u201cTRIBO\u201d<\/b><\/p>\n<p>DIRE\u00c7\u00c3O: Denise Chaves<\/p>\n<p>RELEASE: A pe\u00e7a conta as dificuldades de inser\u00e7\u00e3o de uma adolescente em uma nova escola. As diversas &#8220;tribos&#8221; com que ela se depara e seu olhar frente a tudo isso.<\/p>\n<p><b>3 &#8211; ESPET\u00c1CULO: JO\u00c3O E MARIA CONTRA A BRUXA DO CANGA\u00c7O<\/b><\/p>\n<p>DIRE\u00c7\u00c3O: Lene Costa<\/p>\n<p>RELEASE: Conta a cl\u00e1ssica hist\u00f3ria de Jo\u00e3o e Maria vista de um \u00e2ngulo mais nordestino numa adapta\u00e7\u00e3o leve, divertida e reflexiva.<\/p>\n<p>&nbsp;<\/p>\n<p><strong>DIA: 13 DE JUNHO DE 2013<\/strong><\/p>\n<p><b>HOR\u00c1RIO: A partir das 19:00h<\/b><\/p>\n<p><b>1 &#8211; ESPET\u00c1CULO: ESSA TAL REDE SOCIAL<\/b><\/p>\n<p>DIRE\u00c7\u00c3O: Fernando Pedro Maria<\/p>\n<p>RELEASE: Vivemos um momento de alta comunica\u00e7\u00e3o e intera\u00e7\u00e3o social, e uma boa parcela disso se d\u00e1 as redes sociais da internet. A mostra de cena traz esquetes com situa\u00e7\u00f5es engra\u00e7adas vivenciados dentro desse mundo t\u00e3o social.<\/p>\n<p><b>2 &#8211; ESPET\u00c1CULO: POR TR\u00c1S DAS LETRAS<\/b><\/p>\n<p>DIRE\u00c7\u00c3O: Rodrigo Messias<\/p>\n<p>RELEASE: Improvisa\u00e7\u00f5es baseadas em can\u00e7\u00f5es de Chico Buarque comp\u00f5em essa mostra que cria uma atmosfera cheia de nuances e traduzem as id\u00e9ias contextuais das can\u00e7\u00f5es desse artista brasileiro.<\/p>\n<p><b>3 &#8211; ESPET\u00c1CULO: HIST\u00d3RIAS DE UM \u201cBUZ\u00da\u201d<\/b><\/p>\n<p>DIRE\u00c7\u00c3O: Fernando Pedro Maria<\/p>\n<p>RELEASE: Dramatiza\u00e7\u00e3o de diversas hist\u00f3rias e personagens que encontramos em um \u00f4nibus.<\/p>\n<p><strong>DIA: 14 DE JUNHO DE 2013<\/strong><\/p>\n<p><b>HOR\u00c1RIO: A partir das 19:00h<\/b><\/p>\n<p><b>1 &#8211; ESPET\u00c1CULO: ACASO<\/b><\/p>\n<p>DIRE\u00c7\u00c3O: Tato Tavares<\/p>\n<p>RELEASE: Ser\u00e1 que as coisas acontecem por acaso ou s\u00e3o obras do destino? A mostra consiste num exerc\u00edcio de encena\u00e7\u00e3o pelos alunos baseado em 4 cenas do texto &#8220;Por Acaso&#8221;, de Tato Tavares.<\/p>\n<p><b>2 &#8211; ESPET\u00c1CULO: ENCARCERADAS<\/b><\/p>\n<p>DIRE\u00c7\u00c3O: Fernando Pedro Maria<\/p>\n<p>RELEASE: Improvisa\u00e7\u00f5es baseadas em can\u00e7\u00f5es de Chico Buarque comp\u00f5em essa mostra que cria uma atmosfera cheia de nuances e traduzem as id\u00e9ias contextuais das can\u00e7\u00f5es desse artista brasileiro.<\/p>\n","protected":false},"excerpt":{"rendered":"<p>\u00a0 10 a 14 de junho A Universidade Estadual de Feira de Santana e o CUCA \u2013 Centro Universit\u00e1rio atrav\u00e9s da Coordena\u00e7\u00e3o das Oficinas de Teatro do Cuca \u2013 realizam a MOSTRA DE CENAS DA TOCA 2013.1 \u2013 Uma semana &hellip; <a href=\"https:\/\/lenidavid.com.br\/?p=5039\">Continue lendo <span class=\"meta-nav\">&rarr;<\/span><\/a><\/p>\n","protected":false},"author":1,"featured_media":0,"comment_status":"open","ping_status":"open","sticky":false,"template":"","format":"standard","meta":{"footnotes":""},"categories":[1],"tags":[382,1859,1515,587],"class_list":["post-5039","post","type-post","status-publish","format-standard","hentry","category-uncategorized","tag-cuca","tag-feira-de-santana","tag-oficinas-de-teatro-do-cuca","tag-teatro"],"_links":{"self":[{"href":"https:\/\/lenidavid.com.br\/index.php?rest_route=\/wp\/v2\/posts\/5039","targetHints":{"allow":["GET"]}}],"collection":[{"href":"https:\/\/lenidavid.com.br\/index.php?rest_route=\/wp\/v2\/posts"}],"about":[{"href":"https:\/\/lenidavid.com.br\/index.php?rest_route=\/wp\/v2\/types\/post"}],"author":[{"embeddable":true,"href":"https:\/\/lenidavid.com.br\/index.php?rest_route=\/wp\/v2\/users\/1"}],"replies":[{"embeddable":true,"href":"https:\/\/lenidavid.com.br\/index.php?rest_route=%2Fwp%2Fv2%2Fcomments&post=5039"}],"version-history":[{"count":1,"href":"https:\/\/lenidavid.com.br\/index.php?rest_route=\/wp\/v2\/posts\/5039\/revisions"}],"predecessor-version":[{"id":5040,"href":"https:\/\/lenidavid.com.br\/index.php?rest_route=\/wp\/v2\/posts\/5039\/revisions\/5040"}],"wp:attachment":[{"href":"https:\/\/lenidavid.com.br\/index.php?rest_route=%2Fwp%2Fv2%2Fmedia&parent=5039"}],"wp:term":[{"taxonomy":"category","embeddable":true,"href":"https:\/\/lenidavid.com.br\/index.php?rest_route=%2Fwp%2Fv2%2Fcategories&post=5039"},{"taxonomy":"post_tag","embeddable":true,"href":"https:\/\/lenidavid.com.br\/index.php?rest_route=%2Fwp%2Fv2%2Ftags&post=5039"}],"curies":[{"name":"wp","href":"https:\/\/api.w.org\/{rel}","templated":true}]}}