{"id":5083,"date":"2013-07-23T22:13:55","date_gmt":"2013-07-24T01:13:55","guid":{"rendered":"http:\/\/lenidavid.com.br\/?p=5083"},"modified":"2013-07-23T22:15:11","modified_gmt":"2013-07-24T01:15:11","slug":"especializacao-em-sistemas-computacionais-da-uefs-inscreve-ate-2-de-agosto","status":"publish","type":"post","link":"https:\/\/lenidavid.com.br\/?p=5083","title":{"rendered":"Especializa\u00e7\u00e3o em Sistemas Computacionais da Uefs inscreve at\u00e9 2 de agosto"},"content":{"rendered":"<p style=\"text-align: justify;\">\n<p style=\"text-align: justify;\">Est\u00e3o abertas as inscri\u00e7\u00f5es para a primeira turma do Curso de Especializa\u00e7\u00e3o em Sistemas Computacionais da Universidade Estadual de Feira de Santana (Uefs). O prazo de inscri\u00e7\u00e3o, que seria encerrado sexta-feira (19), foi prorrogado at\u00e9 2 de agosto de 2013. O in\u00edcio das aulas est\u00e1 previsto para o dia 22 de agosto.<\/p>\n<p style=\"text-align: justify;\">O curso \u00e9 oferecido pelo Departamento de Tecnologia sob a responsabilidade da Pr\u00f3-Reitoria de Pesquisa e P\u00f3s-Gradua\u00e7\u00e3o da Uefs. O objetivo \u00e9 proporcionar aos participantes conhecimentos e habilidades na an\u00e1lise e desenvolvimento de sistemas computacionais de alta complexidade, de forma que os mesmos atinjam a excel\u00eancia no desempenho de suas atividades alinhadas com os objetivos e estrat\u00e9gias ferramentais.<\/p>\n<p style=\"text-align: justify;\">As 20 vagas dispon\u00edveis s\u00e3o destinadas aos profissionais de n\u00edvel superior que atuam nas \u00e1reas de Engenharias, Inform\u00e1tica e Computa\u00e7\u00e3o, bem como profissionais de \u00e1reas afins atuantes no desenvolvimento de sistemas computacionais que queiram ampliar sua \u00e1rea de atua\u00e7\u00e3o e profissionais interessados em adquirir conhecimentos te\u00f3ricos e pr\u00e1ticos na \u00e1rea.<\/p>\n<p style=\"text-align: justify;\">O edital de sele\u00e7\u00e3o pode ser conferido no portal do curso (http:\/\/cesic.uefs.br). Mais informa\u00e7\u00f5es pelo telefone (75) 3161-8056 ou pelo email cesic@uefs.br.<\/p>\n<p>&nbsp;<\/p>\n","protected":false},"excerpt":{"rendered":"<p>Est\u00e3o abertas as inscri\u00e7\u00f5es para a primeira turma do Curso de Especializa\u00e7\u00e3o em Sistemas Computacionais da Universidade Estadual de Feira de Santana (Uefs). O prazo de inscri\u00e7\u00e3o, que seria encerrado sexta-feira (19), foi prorrogado at\u00e9 2 de agosto de 2013. &hellip; <a href=\"https:\/\/lenidavid.com.br\/?p=5083\">Continue lendo <span class=\"meta-nav\">&rarr;<\/span><\/a><\/p>\n","protected":false},"author":1,"featured_media":0,"comment_status":"open","ping_status":"open","sticky":false,"template":"","format":"standard","meta":{"footnotes":""},"categories":[138],"tags":[1859,413],"class_list":["post-5083","post","type-post","status-publish","format-standard","hentry","category-utilidade-publica","tag-feira-de-santana","tag-uefs"],"_links":{"self":[{"href":"https:\/\/lenidavid.com.br\/index.php?rest_route=\/wp\/v2\/posts\/5083","targetHints":{"allow":["GET"]}}],"collection":[{"href":"https:\/\/lenidavid.com.br\/index.php?rest_route=\/wp\/v2\/posts"}],"about":[{"href":"https:\/\/lenidavid.com.br\/index.php?rest_route=\/wp\/v2\/types\/post"}],"author":[{"embeddable":true,"href":"https:\/\/lenidavid.com.br\/index.php?rest_route=\/wp\/v2\/users\/1"}],"replies":[{"embeddable":true,"href":"https:\/\/lenidavid.com.br\/index.php?rest_route=%2Fwp%2Fv2%2Fcomments&post=5083"}],"version-history":[{"count":3,"href":"https:\/\/lenidavid.com.br\/index.php?rest_route=\/wp\/v2\/posts\/5083\/revisions"}],"predecessor-version":[{"id":5085,"href":"https:\/\/lenidavid.com.br\/index.php?rest_route=\/wp\/v2\/posts\/5083\/revisions\/5085"}],"wp:attachment":[{"href":"https:\/\/lenidavid.com.br\/index.php?rest_route=%2Fwp%2Fv2%2Fmedia&parent=5083"}],"wp:term":[{"taxonomy":"category","embeddable":true,"href":"https:\/\/lenidavid.com.br\/index.php?rest_route=%2Fwp%2Fv2%2Fcategories&post=5083"},{"taxonomy":"post_tag","embeddable":true,"href":"https:\/\/lenidavid.com.br\/index.php?rest_route=%2Fwp%2Fv2%2Ftags&post=5083"}],"curies":[{"name":"wp","href":"https:\/\/api.w.org\/{rel}","templated":true}]}}