{"id":5135,"date":"2013-09-15T14:10:00","date_gmt":"2013-09-15T17:10:00","guid":{"rendered":"http:\/\/lenidavid.com.br\/?p=5135"},"modified":"2013-09-15T15:10:27","modified_gmt":"2013-09-15T18:10:27","slug":"cidade-inegociavel","status":"publish","type":"post","link":"https:\/\/lenidavid.com.br\/?p=5135","title":{"rendered":"Cidade inegoci\u00e1vel"},"content":{"rendered":"<p style=\"text-align: justify;\">\n<p style=\"text-align: justify;\">Na \u00faltima quinta-feira (12), \u00e0s 18h, durante a programa\u00e7\u00e3o da 6\u00aa Feira do Livro de Feira de Santana, foi lan\u00e7ado o livro \u201cINEGOCI\u00c1VEL\u201d (desenho art\u00edstico), de autoria do meu amigo George Lima. Trata-se do primeiro livro de arte (Arte \u20131), da editora TULLE (Editor: Roberval Pereyr), com apresenta\u00e7\u00e3o de Juraci D\u00f3rea.<\/p>\n<p align=\"center\"><img loading=\"lazy\" decoding=\"async\" class=\"aligncenter size-full wp-image-5136\" alt=\"A Imagem 01\" src=\"http:\/\/lenidavid.com.br\/wp-content\/uploads\/2013\/09\/A-Imagem-01.jpg\" width=\"435\" height=\"435\" srcset=\"https:\/\/lenidavid.com.br\/wp-content\/uploads\/2013\/09\/A-Imagem-01.jpg 435w, https:\/\/lenidavid.com.br\/wp-content\/uploads\/2013\/09\/A-Imagem-01-150x150.jpg 150w, https:\/\/lenidavid.com.br\/wp-content\/uploads\/2013\/09\/A-Imagem-01-300x300.jpg 300w\" sizes=\"auto, (max-width: 435px) 100vw, 435px\" \/><\/p>\n<p style=\"text-align: justify;\">A arte \u00e9, provavelmente, a melhor forma para amenizar a aridez espiritual da Feira de Santana. Esta Feira de Santana que j\u00e1 assumiu ares de metr\u00f3pole e que surpreende, a cada dia, pelo crescimento econ\u00f4mico, mas pouco avan\u00e7a em aspectos como cidadania, respeito ao meio ambiente e valoriza\u00e7\u00e3o das express\u00f5es art\u00edstico-culturais.<\/p>\n<p style=\"text-align: justify;\">\u00c9 por isso que o aparecimento de novos personagens no cen\u00e1rio art\u00edstico local deve ser aplaudido. George Lima \u00e9 um desses novos e tamb\u00e9m uma das grandes promessas da arte contempor\u00e2nea feirense. Primeiro, pelo rigor e seriedade com que vem desenvolvendo seu trabalho, notadamente no campo da fotografia. Segundo, pelo constante di\u00e1logo que sua obra estabelece com o cotidiano de Feira de Santana.<\/p>\n<p style=\"text-align: justify;\"><i>Inegoci\u00e1vel <\/i>\u00e9 o primeiro livro do artista e nasceu de uma exposi\u00e7\u00e3o planejada recentemente, mas ainda n\u00e3o viabilizada. Re\u00fane 12 obras, todas de pequenos formatos, executadas em t\u00e9cnica mista. A proposta exige um observador atento e criativo, pois \u00e9 uma esp\u00e9cie de conversa \u00e0 meia-voz sobre o j\u00e1 combalido patrim\u00f4nio arquitet\u00f4nico de Feira de Santana. \u00c9 tamb\u00e9m um alerta contra a especula\u00e7\u00e3o que humilha e vende a cidade, apagando suas refer\u00eancias identit\u00e1rias.<\/p>\n<p style=\"text-align: justify;\">Ou seja, um livro que diz coisas fundamentais, na contram\u00e3o da \u201cgrande feira\u201d, da selvageria e do mercantilismo como valor supremo.<\/p>\n<p align=\"center\"><i>\u00a0<\/i><\/p>\n<p align=\"center\"><strong><i>Juraci D\u00f3rea<\/i><\/strong><\/p>\n<p align=\"center\">Arquiteto e artista visual<\/p>\n<p align=\"center\">Julho de 2013<\/p>\n<p>\u00a0<img loading=\"lazy\" decoding=\"async\" class=\"aligncenter size-full wp-image-5137\" alt=\"A Imagem 07\" src=\"http:\/\/lenidavid.com.br\/wp-content\/uploads\/2013\/09\/A-Imagem-07.jpg\" width=\"507\" height=\"507\" srcset=\"https:\/\/lenidavid.com.br\/wp-content\/uploads\/2013\/09\/A-Imagem-07.jpg 507w, https:\/\/lenidavid.com.br\/wp-content\/uploads\/2013\/09\/A-Imagem-07-150x150.jpg 150w, https:\/\/lenidavid.com.br\/wp-content\/uploads\/2013\/09\/A-Imagem-07-300x300.jpg 300w\" sizes=\"auto, (max-width: 507px) 100vw, 507px\" \/><\/p>\n<p align=\"center\"><strong>George Lima<\/strong><b> &#8211; <\/b>Artista visual<\/p>\n<p align=\"center\">Nasceu em Feira de Santana, Bahia, em 1967.<\/p>\n<p align=\"center\">Integra: Grupo de Pesquisa em Arte Contempor\u00e2nea \u2013 GEMA.<\/p>\n<p align=\"center\">\u00c9 um dos editores da Revista de Arte QUANTA.<\/p>\n<p align=\"center\">Reside em Feira de Santana.<\/p>\n<p align=\"center\">\n","protected":false},"excerpt":{"rendered":"<p>Na \u00faltima quinta-feira (12), \u00e0s 18h, durante a programa\u00e7\u00e3o da 6\u00aa Feira do Livro de Feira de Santana, foi lan\u00e7ado o livro \u201cINEGOCI\u00c1VEL\u201d (desenho art\u00edstico), de autoria do meu amigo George Lima. Trata-se do primeiro livro de arte (Arte \u20131), &hellip; <a href=\"https:\/\/lenidavid.com.br\/?p=5135\">Continue lendo <span class=\"meta-nav\">&rarr;<\/span><\/a><\/p>\n","protected":false},"author":1,"featured_media":0,"comment_status":"open","ping_status":"open","sticky":false,"template":"","format":"standard","meta":{"footnotes":""},"categories":[184],"tags":[1859,235,353,479],"class_list":["post-5135","post","type-post","status-publish","format-standard","hentry","category-artes-plasticas","tag-feira-de-santana","tag-george-lima","tag-juraci-dorea","tag-lancamento-de-livro"],"_links":{"self":[{"href":"https:\/\/lenidavid.com.br\/index.php?rest_route=\/wp\/v2\/posts\/5135","targetHints":{"allow":["GET"]}}],"collection":[{"href":"https:\/\/lenidavid.com.br\/index.php?rest_route=\/wp\/v2\/posts"}],"about":[{"href":"https:\/\/lenidavid.com.br\/index.php?rest_route=\/wp\/v2\/types\/post"}],"author":[{"embeddable":true,"href":"https:\/\/lenidavid.com.br\/index.php?rest_route=\/wp\/v2\/users\/1"}],"replies":[{"embeddable":true,"href":"https:\/\/lenidavid.com.br\/index.php?rest_route=%2Fwp%2Fv2%2Fcomments&post=5135"}],"version-history":[{"count":2,"href":"https:\/\/lenidavid.com.br\/index.php?rest_route=\/wp\/v2\/posts\/5135\/revisions"}],"predecessor-version":[{"id":5139,"href":"https:\/\/lenidavid.com.br\/index.php?rest_route=\/wp\/v2\/posts\/5135\/revisions\/5139"}],"wp:attachment":[{"href":"https:\/\/lenidavid.com.br\/index.php?rest_route=%2Fwp%2Fv2%2Fmedia&parent=5135"}],"wp:term":[{"taxonomy":"category","embeddable":true,"href":"https:\/\/lenidavid.com.br\/index.php?rest_route=%2Fwp%2Fv2%2Fcategories&post=5135"},{"taxonomy":"post_tag","embeddable":true,"href":"https:\/\/lenidavid.com.br\/index.php?rest_route=%2Fwp%2Fv2%2Ftags&post=5135"}],"curies":[{"name":"wp","href":"https:\/\/api.w.org\/{rel}","templated":true}]}}