{"id":5282,"date":"2013-11-22T23:21:44","date_gmt":"2013-11-23T02:21:44","guid":{"rendered":"http:\/\/lenidavid.com.br\/?p=5282"},"modified":"2013-11-26T11:13:27","modified_gmt":"2013-11-26T14:13:27","slug":"lancamento-de-livro-4","status":"publish","type":"post","link":"https:\/\/lenidavid.com.br\/?p=5282","title":{"rendered":"Lan\u00e7amento de livro"},"content":{"rendered":"<p style=\"text-align: center;\"><strong>O Realismo P\u00f3s-metaf\u00edsico. Uma sociedade de exclus\u00e3o no cinema e na literatura brasileiros.<\/strong><\/p>\n<p style=\"text-align: center;\"><strong>Lan\u00e7amento: 6 de dezembro, \u00e0s 11 horas, na Funda\u00e7\u00e3o Casa de Jorge Amado, no Pelourinho.<\/strong><\/p>\n<p style=\"text-align: justify;\">Como se formou o crime organizado no Brasil? Qual a responsabilidade da ditadura militar na instaura\u00e7\u00e3o da criminalidade?<\/p>\n<p style=\"text-align: justify;\">Qual o modo de exist\u00eancia do Estado de Direito na sociedade brasileira? Os direitos humanos acabaram numa sociedade neo-liberal? Por qu\u00ea esta sociedade n\u00e3o tolera ouvir falar sobre os direitos humanos?<\/p>\n<p style=\"text-align: justify;\">S\u00e3o esses tipos de quest\u00f5es que esse livro suscita atrav\u00e9s de uma an\u00e1lise apurada de narrativas liter\u00e1rias e f\u00edlmicas que abordam a viol\u00eancia urbana atual.<\/p>\n<p style=\"text-align: justify;\">O foco do realismo p\u00f3s-metaf\u00edsico \u00e9 analisar o desmoronamento das id\u00e9ias universais de justi\u00e7a, mostrando como os direitos se fragmentaram, de acordo com os contextos de diversidade cultural que a p\u00f3s-modernidade autorizou.<\/p>\n<p style=\"text-align: justify;\">Na modernidade, os valores metaf\u00edsicos entraram em crise, uma vez que na sociedade da t\u00e9cnica n\u00e3o havia mais lugar para pensamentos transcendentes. Mas a mem\u00f3ria de valores de justi\u00e7a social emergiram distorcidos no seio de grupos de poder paralelos, numa lembran\u00e7a deformada do que seria um Estado de Direito.<\/p>\n<p style=\"text-align: justify;\">Esta obra que exp\u00f5e elos fundamentais entre Literatura, Cinema e Direito, analisa narrativas brasileiras emblem\u00e1ticas, que mostram como valores p\u00f3s-metaf\u00edsicos tem se desenvolvido em comunidades de exclus\u00e3o, e como tais comunidades buscam compor c\u00f3digos jur\u00eddicos suscet\u00edveis de livrar os sujeitos da brutalidade instaurada por sistemas autorit\u00e1rios e arbitr\u00e1rios de governo. Ela dialoga com Kafka e Foucault para a compreens\u00e3o do arbitr\u00e1rio do poder; e busca a est\u00e9tica semi\u00f3tica de Peirce para lidar com as quest\u00f5es complexas que pairam nas representa\u00e7\u00f5es da hist\u00f3ria contempor\u00e2nea.<\/p>\n<p style=\"text-align: justify;\">Licia Soares de Souza professora\u00a0 da Universidade do Estado da Bahia (UNEB), colaboradora do P\u00f3s-Cultura da UFBa, professora associada da Universidade do Quebec em Montreal, e pesquisadora do CNPq. Doutora em Semi\u00f3tica pela Universidade do Quebec em Montreal, publicou v\u00e1rios artigos e livros em semi\u00f3tica narrativa, no Brasil, Canad\u00e1 e Alemanha, entre outros:\u00a0 Introdu\u00e7\u00e3o \u00e0s Teorias Semi\u00f3ticas (Vozes, 2006), e Literatura e Cinema. Tradu\u00e7\u00f5es Intersemi\u00f3ticas (EDUNEB, 2009).<\/p>\n<p style=\"text-align: justify;\">SOARES DE SOUZA L\u00edcia. O Realismo P\u00f3s-metaf\u00edsico. Uma sociedade de exclus\u00e3o no cinema e na literatura brasileiros. Feira de Santana, EDUEFS\/ FAPESB, 2013.<\/p>\n<p>\u00a0.<\/p>\n<p>&nbsp;<\/p>\n","protected":false},"excerpt":{"rendered":"<p>O Realismo P\u00f3s-metaf\u00edsico. Uma sociedade de exclus\u00e3o no cinema e na literatura brasileiros. Lan\u00e7amento: 6 de dezembro, \u00e0s 11 horas, na Funda\u00e7\u00e3o Casa de Jorge Amado, no Pelourinho. Como se formou o crime organizado no Brasil? Qual a responsabilidade da &hellip; <a href=\"https:\/\/lenidavid.com.br\/?p=5282\">Continue lendo <span class=\"meta-nav\">&rarr;<\/span><\/a><\/p>\n","protected":false},"author":1,"featured_media":0,"comment_status":"open","ping_status":"open","sticky":false,"template":"","format":"standard","meta":{"footnotes":""},"categories":[9],"tags":[479,1570,348],"class_list":["post-5282","post","type-post","status-publish","format-standard","hentry","category-livros","tag-lancamento-de-livro","tag-licia-soares-de-souza","tag-salvador"],"_links":{"self":[{"href":"https:\/\/lenidavid.com.br\/index.php?rest_route=\/wp\/v2\/posts\/5282","targetHints":{"allow":["GET"]}}],"collection":[{"href":"https:\/\/lenidavid.com.br\/index.php?rest_route=\/wp\/v2\/posts"}],"about":[{"href":"https:\/\/lenidavid.com.br\/index.php?rest_route=\/wp\/v2\/types\/post"}],"author":[{"embeddable":true,"href":"https:\/\/lenidavid.com.br\/index.php?rest_route=\/wp\/v2\/users\/1"}],"replies":[{"embeddable":true,"href":"https:\/\/lenidavid.com.br\/index.php?rest_route=%2Fwp%2Fv2%2Fcomments&post=5282"}],"version-history":[{"count":3,"href":"https:\/\/lenidavid.com.br\/index.php?rest_route=\/wp\/v2\/posts\/5282\/revisions"}],"predecessor-version":[{"id":5295,"href":"https:\/\/lenidavid.com.br\/index.php?rest_route=\/wp\/v2\/posts\/5282\/revisions\/5295"}],"wp:attachment":[{"href":"https:\/\/lenidavid.com.br\/index.php?rest_route=%2Fwp%2Fv2%2Fmedia&parent=5282"}],"wp:term":[{"taxonomy":"category","embeddable":true,"href":"https:\/\/lenidavid.com.br\/index.php?rest_route=%2Fwp%2Fv2%2Fcategories&post=5282"},{"taxonomy":"post_tag","embeddable":true,"href":"https:\/\/lenidavid.com.br\/index.php?rest_route=%2Fwp%2Fv2%2Ftags&post=5282"}],"curies":[{"name":"wp","href":"https:\/\/api.w.org\/{rel}","templated":true}]}}