{"id":5316,"date":"2013-12-09T12:25:53","date_gmt":"2013-12-09T15:25:53","guid":{"rendered":"http:\/\/lenidavid.com.br\/?p=5316"},"modified":"2014-06-01T16:02:17","modified_gmt":"2014-06-01T19:02:17","slug":"5316","status":"publish","type":"post","link":"https:\/\/lenidavid.com.br\/?p=5316","title":{"rendered":""},"content":{"rendered":"<p style=\"text-align: justify;\">\n<p style=\"text-align: justify;\"><span style=\"font-size: medium;\"><span style=\"color: #000000;\"><span style=\"font-family: Times New Roman;\">Neste m\u00eas de dezembro, o SESC promover\u00e1 o projeto <b><strong>NATAL SESC NOS BAIRROS<\/strong><\/b> e levar\u00e1 \u00e0s fam\u00edlias de Feira de Santana uma programa\u00e7\u00e3o gratuita, diferente e muito especial, revestindo a cidade do esp\u00edrito natalino. O projeto acontecer\u00e1 \u00e0s<b><strong> sextas-feiras <\/strong><\/b>a partir das<b><strong> 16 horas, dias 06, no Conjunto Feira X, 13, Tomba e 20, na Cidade Nova. <\/strong><\/b><\/span><\/span><\/span><\/p>\n<p style=\"text-align: justify;\"><span style=\"color: #000000; font-family: Times New Roman; font-size: medium;\">A programa\u00e7\u00e3o cultural oferecida por este projeto busca sensibilizar a comunidade para o \u201cverdadeiro esp\u00edrito natalino\u201d durante o per\u00edodo de festa comercial, atrav\u00e9s das apresenta\u00e7\u00f5es de m\u00fasicas suaves, representadas por corais e artistas da terra e de viv\u00eancias art\u00edsticas conhecidas como <i>Ikebana Sanguetsu<\/i>, tudo isto para despertar o que \u00e9 mais importante e essencial na constitui\u00e7\u00e3o do ser humano, valorizando o sentimento de amor ao pr\u00f3ximo, a autoestima e o autoconhecimento.<\/span><\/p>\n<p style=\"text-align: justify;\"><span style=\"color: #000000; font-family: Times New Roman; font-size: medium;\">As atividades ser\u00e3o realizadas nas principais pra\u00e7as dos bairros do Feira X, Tomba e Cidade Nova e est\u00e3o confirmadas apresenta\u00e7\u00f5es dos Corais Infantil da Escola SESC e Tabern\u00e1culo de Deus, al\u00e9m dos artistas Matheus Mathyara, Guymeo Jumonji e Mano Gavazza. Nestes dias ser\u00e3o realizadas viv\u00eancias de <i>Ikebana Sanguetsu<\/i> com o objetivo de trabalhar a eleva\u00e7\u00e3o da espiritualidade humana atrav\u00e9s do contato com as flores. O projeto \u00e9 realizado pelo SESC e tem o apoio da Prefeitura Municipal de Feira de Santana.<\/span><\/p>\n<p><span style=\"color: #000000; font-family: Times New Roman; font-size: medium;\">\u00a0<\/span><\/p>\n<p><strong><span style=\"color: #000000; font-family: Times New Roman;\">SERVI\u00c7O:<\/span><\/strong><\/p>\n<p><strong><span style=\"color: #000000; font-family: Times New Roman; font-size: medium;\">NATAL SESC NOS BAIRROS<\/span><\/strong><\/p>\n<p><span style=\"font-size: medium;\"><span style=\"color: #000000;\"><span style=\"font-family: Times New Roman;\"><strong>Data:<\/strong>\u00a006, 13 e 20\/ Dezembro\/ 2013 &#8211; Sextas<\/span><\/span><\/span><\/p>\n<p><span style=\"font-size: medium;\"><span style=\"color: #000000;\"><span style=\"font-family: Times New Roman;\"><strong>Local:<\/strong>\u00a0Pra\u00e7as Feira X, Tomba e Cidade Nova<\/span><\/span><\/span><\/p>\n<p><span style=\"font-size: medium;\"><span style=\"color: #000000;\"><span style=\"font-family: Times New Roman;\"><strong>Hor\u00e1rio:<\/strong>\u00a0A partir das 16h<\/span><\/span><\/span><\/p>\n<p><span style=\"font-size: medium;\"><span style=\"color: #000000;\"><span style=\"font-family: Times New Roman;\"><strong>Ingresso:<\/strong>\u00a0Gratuito<\/span><\/span><\/span><\/p>\n<p><b><strong><span style=\"color: #000000; font-family: Times New Roman; font-size: medium;\">\u00a0<\/span><\/strong><\/b><\/p>\n<p><b><strong><span style=\"color: #000000; font-family: Times New Roman; font-size: medium;\">PROGRAMA\u00c7\u00c3O:<\/span><\/strong><\/b><\/p>\n<p><b><strong><span style=\"color: #000000; font-family: Times New Roman; font-size: medium;\">Dia 06\/12\/2013 \u2013 sexta-feira<\/span><\/strong><\/b><\/p>\n<p><span style=\"color: #000000; font-family: Times New Roman; font-size: medium;\">Local: Pra\u00e7a da Rua B &#8211; Conjunto Feira X<\/span><\/p>\n<p><span style=\"color: #000000; font-family: Times New Roman; font-size: medium;\">16h00 \u2013 Viv\u00eancia de Ikebana \u201cVivendo o verdadeiro Natal\u201d<\/span><\/p>\n<p><span style=\"color: #000000; font-family: Times New Roman; font-size: medium;\">18h00 \u2013 Voz e Viol\u00e3o \u2013 Matheus Mathyara<\/span><\/p>\n<p><span style=\"font-size: medium;\"><span style=\"color: #000000;\"><span style=\"font-family: Times New Roman;\">19h30 \u2013 Coral Infantil da Escola SESC<\/span><\/span><\/span><\/p>\n<p><span style=\"color: #000000; font-family: Times New Roman; font-size: medium;\">\u00a0<\/span><\/p>\n<p><b><strong><span style=\"color: #000000; font-family: Times New Roman; font-size: medium;\">Dia: 13\/12\/2013 \u2013 sexta-feira<\/span><\/strong><\/b><\/p>\n<p><span style=\"color: #000000; font-family: Times New Roman; font-size: medium;\">Local: Pra\u00e7a do Tomba<\/span><\/p>\n<p><span style=\"color: #000000; font-family: Times New Roman; font-size: medium;\">16h00 \u2013 Viv\u00eancia de Ikebana \u201cVivendo o verdadeiro Natal\u201d<\/span><\/p>\n<p><span style=\"color: #000000; font-family: Times New Roman; font-size: medium;\">18h00 &#8211; Voz e Viol\u00e3o \u2013 Guymeo Jumonji<\/span><\/p>\n<p><span style=\"color: #000000; font-family: Times New Roman; font-size: medium;\">19h30 &#8211; Coral Infantil da Escola SESC<\/span><\/p>\n<p><span style=\"color: #000000; font-family: Times New Roman; font-size: medium;\">\u00a0<\/span><\/p>\n<p><b><strong><span style=\"color: #000000; font-family: Times New Roman; font-size: medium;\">Dia: 20\/12\/2013 \u2013 sexta-feira<\/span><\/strong><\/b><\/p>\n<p><span style=\"color: #000000; font-family: Times New Roman; font-size: medium;\">Local: \u00c0 confirmar &#8211; Cidade Nova<\/span><\/p>\n<p><span style=\"color: #000000; font-family: Times New Roman; font-size: medium;\">16h00 \u2013 Viv\u00eancia de Ikebana \u201cVivendo o verdadeiro Natal\u201d<\/span><\/p>\n<p><span style=\"color: #000000; font-family: Times New Roman; font-size: medium;\">18h00 &#8211; Voz e Viol\u00e3o \u2013 Mano Gavazza<\/span><\/p>\n<p><span style=\"color: #000000; font-family: Times New Roman; font-size: medium;\">19h30 &#8211; Coral Tabern\u00e1culo de Deus<\/span><\/p>\n<p>&nbsp;<\/p>\n","protected":false},"excerpt":{"rendered":"<p>Neste m\u00eas de dezembro, o SESC promover\u00e1 o projeto NATAL SESC NOS BAIRROS e levar\u00e1 \u00e0s fam\u00edlias de Feira de Santana uma programa\u00e7\u00e3o gratuita, diferente e muito especial, revestindo a cidade do esp\u00edrito natalino. O projeto acontecer\u00e1 \u00e0s sextas-feiras a &hellip; <a href=\"https:\/\/lenidavid.com.br\/?p=5316\">Continue lendo <span class=\"meta-nav\">&rarr;<\/span><\/a><\/p>\n","protected":false},"author":1,"featured_media":0,"comment_status":"open","ping_status":"open","sticky":false,"template":"","format":"standard","meta":{"footnotes":""},"categories":[1],"tags":[1859,1578,391],"class_list":["post-5316","post","type-post","status-publish","format-standard","hentry","category-uncategorized","tag-feira-de-santana","tag-natal-nos-bairros","tag-sesc-ba"],"_links":{"self":[{"href":"https:\/\/lenidavid.com.br\/index.php?rest_route=\/wp\/v2\/posts\/5316","targetHints":{"allow":["GET"]}}],"collection":[{"href":"https:\/\/lenidavid.com.br\/index.php?rest_route=\/wp\/v2\/posts"}],"about":[{"href":"https:\/\/lenidavid.com.br\/index.php?rest_route=\/wp\/v2\/types\/post"}],"author":[{"embeddable":true,"href":"https:\/\/lenidavid.com.br\/index.php?rest_route=\/wp\/v2\/users\/1"}],"replies":[{"embeddable":true,"href":"https:\/\/lenidavid.com.br\/index.php?rest_route=%2Fwp%2Fv2%2Fcomments&post=5316"}],"version-history":[{"count":2,"href":"https:\/\/lenidavid.com.br\/index.php?rest_route=\/wp\/v2\/posts\/5316\/revisions"}],"predecessor-version":[{"id":5659,"href":"https:\/\/lenidavid.com.br\/index.php?rest_route=\/wp\/v2\/posts\/5316\/revisions\/5659"}],"wp:attachment":[{"href":"https:\/\/lenidavid.com.br\/index.php?rest_route=%2Fwp%2Fv2%2Fmedia&parent=5316"}],"wp:term":[{"taxonomy":"category","embeddable":true,"href":"https:\/\/lenidavid.com.br\/index.php?rest_route=%2Fwp%2Fv2%2Fcategories&post=5316"},{"taxonomy":"post_tag","embeddable":true,"href":"https:\/\/lenidavid.com.br\/index.php?rest_route=%2Fwp%2Fv2%2Ftags&post=5316"}],"curies":[{"name":"wp","href":"https:\/\/api.w.org\/{rel}","templated":true}]}}